{"id":541779,"date":"2025-11-18T05:03:15","date_gmt":"2025-11-18T05:03:15","guid":{"rendered":"https:\/\/www.europesays.com\/fr\/541779\/"},"modified":"2025-11-18T05:03:15","modified_gmt":"2025-11-18T05:03:15","slug":"nouvel-ecueil-pour-le-louvre-contraint-de-fermer-une-de-ses-galeries-actualites","status":"publish","type":"post","link":"https:\/\/www.europesays.com\/fr\/541779\/","title":{"rendered":"Nouvel \u00e9cueil pour le Louvre, contraint de fermer une de ses galeries : Actualit\u00e9s"},"content":{"rendered":"<p class=\"lead \">La s\u00e9rie noire continue au Louvre: un mois apr\u00e8s le casse du 19 octobre, le mus\u00e9e a \u00e9t\u00e9 contraint lundi de fermer au public une de ses galeries par \u00ab\u00a0mesure de pr\u00e9caution\u00a0\u00bb, en raison de la \u00ab\u00a0particuli\u00e8re fragilit\u00e9\u00a0\u00bb de certaines poutres de l&rsquo;\u00e9difice.<\/p>\n<p class=\"lead \">Abritant neuf salles d\u00e9di\u00e9es \u00e0 la c\u00e9ramique grecque antique, la galerie Campana est ferm\u00e9e le temps que des \u00ab\u00a0investigations\u00a0\u00bb soient men\u00e9es \u00ab\u00a0sur la particuli\u00e8re fragilit\u00e9 de certaines poutres portant les planchers du deuxi\u00e8me \u00e9tage de l&rsquo;aile sud\u00a0\u00bb du quadrilat\u00e8re Sully, qui enserre la cour carr\u00e9e du Louvre, indique le mus\u00e9e dans un communiqu\u00e9.<\/p>\n<p class=\"lead \">Sollicit\u00e9e par l&rsquo;AFP, une porte-parole du mus\u00e9e a assur\u00e9 que les milliers de vases expos\u00e9s dans cette galerie, situ\u00e9e au premier \u00e9tage, n&rsquo;encouraient toutefois \u00ab\u00a0aucun risque\u00a0\u00bb de d\u00e9t\u00e9rioration et n&rsquo;auraient pas \u00e0 \u00eatre d\u00e9plac\u00e9s.<\/p>\n<p class=\"lead \">En revanche, les bureaux situ\u00e9s au deuxi\u00e8me \u00e9tage seront, eux, \u00e9vacu\u00e9s et les 65 agents administratifs qui y travaillent devront quitter les lieux \u00ab\u00a0au cours des trois prochains jours\u00a0\u00bb, selon le communiqu\u00e9 du Louvre.<\/p>\n<p class=\"lead \">Pour prendre cette d\u00e9cision, le mus\u00e9e dit avoir \u00e9t\u00e9 \u00ab\u00a0alert\u00e9\u00a0\u00bb par les conclusions d&rsquo;un rapport d&rsquo;un bureau d&rsquo;\u00e9tudes techniques qui lui a \u00e9t\u00e9 remis vendredi et assure avoir \u00ab\u00a0imm\u00e9diatement lanc\u00e9 une campagne compl\u00e9mentaire d&rsquo;investigations afin de d\u00e9terminer les causes de ces \u00e9volutions r\u00e9centes et mener au plus t\u00f4t les travaux n\u00e9cessaires\u00a0\u00bb.<\/p>\n<p class=\"lead \">Il s&rsquo;agit \u00ab\u00a0d&rsquo;\u00e9volutions r\u00e9centes et impr\u00e9visibles\u00a0\u00bb, assure la direction du Louvre, qui avait d\u00e9j\u00e0 alert\u00e9 en janvier le minist\u00e8re de la Culture sur l&rsquo;\u00e9tat de grande v\u00e9tust\u00e9 du mus\u00e9e le plus visit\u00e9 au monde.<\/p>\n<p class=\"lead \">&#8211; \u00ab\u00a0Multiplication d&rsquo;avaries\u00a0\u00bb &#8211;<\/p>\n<p class=\"lead \">Cette avanie survient pratiquement un mois jour pour jour apr\u00e8s le casse au cours duquel un commando a r\u00e9ussi \u00e0 s&rsquo;introduire dans l&rsquo;aile sud du mus\u00e9e pour d\u00e9rober huit joyaux de la Couronne d&rsquo;une valeur estim\u00e9e \u00e0 88 millions d&rsquo;euros. Les bijoux restent aujourd&rsquo;hui introuvables.<\/p>\n<p class=\"lead \"> \u00ab\u00a0Vu de l&rsquo;ext\u00e9rieur, \u00e7a ressemble \u00e0 une s\u00e9rie noire mais, en interne, cela fait longtemps que nous sommes au courant de la d\u00e9gradation des conditions de travail et de visite au Louvre\u00a0\u00bb, a r\u00e9agi aupr\u00e8s de l&rsquo;AFP Val\u00e9rie Baud, d\u00e9l\u00e9gu\u00e9e CFDT du mus\u00e9e. \u00ab\u00a0Disons qu&rsquo;il y a une acc\u00e9l\u00e9ration en ce moment\u00a0\u00bb, souligne-t-elle.<\/p>\n<p class=\"lead \">Selon son coll\u00e8gue de la CGT Gary Guillaud, \u00ab\u00a0\u00e7a corrobore le fait qu\u2019il y a des probl\u00e8mes partout dans le mus\u00e9e\u00a0\u00bb. \u00ab\u00a0On est sur des b\u00e2timents tr\u00e8s anciens avec des poutres qui datent parfois de la construction du mus\u00e9e\u00a0\u00bb qui a ouvert \u00e0 la fin du XVIIIe si\u00e8cle, dit-il \u00e0 l&rsquo;AFP.<\/p>\n<p class=\"lead \">En janvier 2025, la pr\u00e9sidente du Louvre Laurence des Cars, sous pression depuis le casse du 19 octobre, avait tir\u00e9 la sonnette d&rsquo;alarme en informant le minist\u00e8re de la Culture de \u00ab\u00a0la multiplication d&rsquo;avaries dans des espaces parfois tr\u00e8s d\u00e9grad\u00e9s\u00a0\u00bb.<\/p>\n<p class=\"lead \">Peu apr\u00e8s cette mise en garde, le pr\u00e9sident Emmanuel Macron avait annonc\u00e9 le lancement d&rsquo;un vaste chantier de r\u00e9novation et de modernisation du Louvre, centr\u00e9 notamment sur le quadrilat\u00e8re Sully. <\/p>\n<p class=\"lead \">Ces travaux ont \u00e9t\u00e9 estim\u00e9s par l&rsquo;entourage du chef de l&rsquo;Etat \u00e0 quelque 800 millions d&rsquo;euros, un montant revu nettement en hausse dans un r\u00e9cent rapport de la Cour des comptes qui \u00e9voque un co\u00fbt d&rsquo;au moins 1,15 milliard d&rsquo;euros.<\/p>\n<p class=\"lead \">Dans ce rapport publi\u00e9 le 6 novembre, la juridiction financi\u00e8re avait par ailleurs point\u00e9 \u00ab\u00a0un retard consid\u00e9rable dans le rythme des investissements\u00a0\u00bb face \u00e0 une \u00ab\u00a0d\u00e9gradation acc\u00e9l\u00e9r\u00e9e\u00a0\u00bb du mus\u00e9e, qui a accueilli pr\u00e8s de neuf millions de visiteurs en 2024.<\/p>\n<p class=\"lead \">Apr\u00e8s avoir \u00e9t\u00e9 interrog\u00e9e par des s\u00e9nateurs dans la foul\u00e9e du casse du 19 octobre, Laurence des Cars est entendue mercredi matin par la commission des affaires culturelles de l&rsquo;Assembl\u00e9e nationale.<\/p>\n<p class=\"lead \">D\u00e9but novembre, la dirigeante, en poste depuis 2021, avait annonc\u00e9 une s\u00e9rie de \u00ab\u00a0mesures d&rsquo;urgence\u00a0\u00bb pour am\u00e9liorer la s\u00e9curisation du mus\u00e9e, notamment de ses abords ext\u00e9rieurs.<\/p>\n<p class=\"small font-weight-bold text-gray3 \"> publi\u00e9 le 17 novembre \u00e0 19h26, AFP<\/p>\n<p>                             Partager<\/p>\n","protected":false},"excerpt":{"rendered":"La s\u00e9rie noire continue au Louvre: un mois apr\u00e8s le casse du 19 octobre, le mus\u00e9e a \u00e9t\u00e9&hellip;\n","protected":false},"author":2,"featured_media":541780,"comment_status":"","ping_status":"","sticky":false,"template":"","format":"standard","meta":{"footnotes":""},"categories":[4],"tags":[11,1011,27,418,10241,12,25,602],"class_list":{"0":"post-541779","1":"post","2":"type-post","3":"status-publish","4":"format-standard","5":"has-post-thumbnail","7":"category-france","8":"tag-actualites","9":"tag-fr","10":"tag-france","11":"tag-gouvernement","12":"tag-muse","13":"tag-news","14":"tag-republique-francaise","15":"tag-tourisme"},"share_on_mastodon":{"url":"https:\/\/pubeurope.com\/@fr\/115568955218807741","error":""},"_links":{"self":[{"href":"https:\/\/www.europesays.com\/fr\/wp-json\/wp\/v2\/posts\/541779","targetHints":{"allow":["GET"]}}],"collection":[{"href":"https:\/\/www.europesays.com\/fr\/wp-json\/wp\/v2\/posts"}],"about":[{"href":"https:\/\/www.europesays.com\/fr\/wp-json\/wp\/v2\/types\/post"}],"author":[{"embeddable":true,"href":"https:\/\/www.europesays.com\/fr\/wp-json\/wp\/v2\/users\/2"}],"replies":[{"embeddable":true,"href":"https:\/\/www.europesays.com\/fr\/wp-json\/wp\/v2\/comments?post=541779"}],"version-history":[{"count":0,"href":"https:\/\/www.europesays.com\/fr\/wp-json\/wp\/v2\/posts\/541779\/revisions"}],"wp:featuredmedia":[{"embeddable":true,"href":"https:\/\/www.europesays.com\/fr\/wp-json\/wp\/v2\/media\/541780"}],"wp:attachment":[{"href":"https:\/\/www.europesays.com\/fr\/wp-json\/wp\/v2\/media?parent=541779"}],"wp:term":[{"taxonomy":"category","embeddable":true,"href":"https:\/\/www.europesays.com\/fr\/wp-json\/wp\/v2\/categories?post=541779"},{"taxonomy":"post_tag","embeddable":true,"href":"https:\/\/www.europesays.com\/fr\/wp-json\/wp\/v2\/tags?post=541779"}],"curies":[{"name":"wp","href":"https:\/\/api.w.org\/{rel}","templated":true}]}}