{"id":541781,"date":"2025-11-18T05:04:40","date_gmt":"2025-11-18T05:04:40","guid":{"rendered":"https:\/\/www.europesays.com\/fr\/541781\/"},"modified":"2025-11-18T05:04:40","modified_gmt":"2025-11-18T05:04:40","slug":"toutes-les-affiches-du-8e-tour-federation-francaise-de-football-fff","status":"publish","type":"post","link":"https:\/\/www.europesays.com\/fr\/541781\/","title":{"rendered":"Toutes les affiches du 8e tour | F\u00e9d\u00e9ration Fran\u00e7aise de Football (FFF)"},"content":{"rendered":"<p>                                                              <img data-twic-src=\"https:\/\/www.europesays.com\/fr\/wp-content\/uploads\/2025\/11\/344e2e6c3e31d986f48f65d29ebd545a.jpg\" data-credit=\"Victor ORGAER \/ FFF\" title=\"Victor ORGAER \/ FFF\" alt=\"Coupe de France\" class=\"block\"\/>                                        <\/p>\n<p style=\"font-weight: bold\">La FFF a communiqu\u00e9 lundi 17 novembre le programme du 8e tour de la Coupe de France Cr\u00e9dit Agricole 2025-2026. Les matches auront lieu le week-end du 29 novembre. <\/p>\n<p style=\"text-align: left;\">Le <a href=\"https:\/\/www.fff.fr\/article\/15734-7e-tour-tous-les-resultats.html\" target=\"_blank\" rel=\"noopener nofollow\">7e tour de la Coupe de France Cr\u00e9dit Agricole<\/a>, marqu\u00e9 par l&rsquo;entr\u00e9e en lice des clubs de Ligue 2 BKT, a rendu son verdict ce week-end. Ses r\u00e9sultats ont, du m\u00eame coup, d\u00e9termin\u00e9 les rencontres du tour suivant. Voici le programme de ce 8e tour, groupe par groupe.\u00a0<\/p>\n<p style=\"text-align: center;\"><strong><a href=\"https:\/\/epreuves.fff.fr\/competition\/engagement\/435164-coupe-de-france-credit-agricole\/phase\/2\/1\/accueil\" target=\"_blank\" rel=\"noopener nofollow\">La Coupe de France Cr\u00e9dit Agricole sur FFF.FR<\/a><\/strong><\/p>\n<p><img decoding=\"async\" src=\"https:\/\/www.europesays.com\/fr\/wp-content\/uploads\/2025\/11\/69696aa5008fa578a89637e4b6beeb42.jpg\" alt=\"\"\/><\/p>\n<p><img decoding=\"async\" src=\"https:\/\/www.europesays.com\/fr\/wp-content\/uploads\/2025\/11\/85997f2c5e0a1de6583c9fa223ad4889.jpg\" alt=\"\"\/><\/p>\n<p><img decoding=\"async\" src=\"https:\/\/www.europesays.com\/fr\/wp-content\/uploads\/2025\/11\/3fd2eba6908c28b011cdbc1094383e93.jpg\" alt=\"\"\/><\/p>\n<p><img decoding=\"async\" src=\"https:\/\/www.europesays.com\/fr\/wp-content\/uploads\/2025\/11\/7bacf5bb8d2d64b766de35c86d694b08.jpg\" alt=\"\"\/><\/p>\n<p><img decoding=\"async\" title=\"Archives  FFF\" src=\"https:\/\/www.europesays.com\/fr\/wp-content\/uploads\/2025\/11\/ca1b3ec19a484dfbdcb6ef729f29653c.jpg\" alt=\"\"\/><\/p>\n<p><img decoding=\"async\" src=\"https:\/\/www.europesays.com\/fr\/wp-content\/uploads\/2025\/11\/9fb4098558d6a1da953bd5021927f76b.jpg\" alt=\"\"\/><\/p>\n<p><img decoding=\"async\" src=\"https:\/\/www.europesays.com\/fr\/wp-content\/uploads\/2025\/11\/a6394a051b1bbdf87e3d031950725b69.jpg\" alt=\"\"\/><\/p>\n<p><img decoding=\"async\" src=\"https:\/\/www.europesays.com\/fr\/wp-content\/uploads\/2025\/11\/93408752ff3c817c630d5192435de323.jpg\" alt=\"\"\/><\/p>\n<p><img decoding=\"async\" src=\"https:\/\/www.europesays.com\/fr\/wp-content\/uploads\/2025\/11\/61447e39e251b2dac96a1c534706f73c.jpg\" alt=\"\"\/><\/p>\n<p><img decoding=\"async\" src=\"https:\/\/www.europesays.com\/fr\/wp-content\/uploads\/2025\/11\/0063a5033fe706a3d96bfab1530618cb.jpg\" alt=\"\"\/><\/p>\n<p>Le calendrier de l&rsquo;\u00e9dition 2025-2026<\/p>\n<ul>\n<li class=\"light\"><strong>8e tour<\/strong> : 29 novembre 2025<\/li>\n<li class=\"light\"><strong>Tirage des 32es de finale<\/strong> : lundi 1er d\u00e9cembre 2025, au Parc des Princes (19h00)<\/li>\n<li class=\"light\"><strong>32es de finale<\/strong> : 20 d\u00e9cembre 2025 (entr\u00e9e des clubs de Ligue 1)<\/li>\n<li class=\"light\"><strong>16es de finale<\/strong> : 10 janvier 2026<\/li>\n<li class=\"light\"><strong>8es de finale<\/strong> : 4 f\u00e9vrier 2026<\/li>\n<li class=\"light\"><strong>Quarts de finale<\/strong> : 4 mars 2026<\/li>\n<li class=\"light\"><strong>Demi-finales<\/strong> : 22 avril 2026<\/li>\n<li class=\"light\"><strong>Finale<\/strong> : 23 mai 2026<\/li>\n<\/ul>\n<p style=\"text-align: center;\"><a href=\"https:\/\/www.fff.fr\/selection\/2-equipe-de-france\/index.html\" target=\"_blank\" rel=\"noopener nofollow\"><strong>Toute l&rsquo;actualit\u00e9 de la Coupe de France Cr\u00e9dit Agricole<\/strong><\/a><\/p>\n","protected":false},"excerpt":{"rendered":"La FFF a communiqu\u00e9 lundi 17 novembre le programme du 8e tour de la Coupe de France Cr\u00e9dit&hellip;\n","protected":false},"author":2,"featured_media":541782,"comment_status":"","ping_status":"","sticky":false,"template":"","format":"standard","meta":{"footnotes":""},"categories":[2],"tags":[11,85,1011,27,12],"class_list":{"0":"post-541781","1":"post","2":"type-post","3":"status-publish","4":"format-standard","5":"has-post-thumbnail","7":"category-actualites","8":"tag-actualites","9":"tag-fff","10":"tag-fr","11":"tag-france","12":"tag-news"},"share_on_mastodon":{"url":"https:\/\/pubeurope.com\/@fr\/115568959731332539","error":""},"_links":{"self":[{"href":"https:\/\/www.europesays.com\/fr\/wp-json\/wp\/v2\/posts\/541781","targetHints":{"allow":["GET"]}}],"collection":[{"href":"https:\/\/www.europesays.com\/fr\/wp-json\/wp\/v2\/posts"}],"about":[{"href":"https:\/\/www.europesays.com\/fr\/wp-json\/wp\/v2\/types\/post"}],"author":[{"embeddable":true,"href":"https:\/\/www.europesays.com\/fr\/wp-json\/wp\/v2\/users\/2"}],"replies":[{"embeddable":true,"href":"https:\/\/www.europesays.com\/fr\/wp-json\/wp\/v2\/comments?post=541781"}],"version-history":[{"count":0,"href":"https:\/\/www.europesays.com\/fr\/wp-json\/wp\/v2\/posts\/541781\/revisions"}],"wp:featuredmedia":[{"embeddable":true,"href":"https:\/\/www.europesays.com\/fr\/wp-json\/wp\/v2\/media\/541782"}],"wp:attachment":[{"href":"https:\/\/www.europesays.com\/fr\/wp-json\/wp\/v2\/media?parent=541781"}],"wp:term":[{"taxonomy":"category","embeddable":true,"href":"https:\/\/www.europesays.com\/fr\/wp-json\/wp\/v2\/categories?post=541781"},{"taxonomy":"post_tag","embeddable":true,"href":"https:\/\/www.europesays.com\/fr\/wp-json\/wp\/v2\/tags?post=541781"}],"curies":[{"name":"wp","href":"https:\/\/api.w.org\/{rel}","templated":true}]}}