{"id":541783,"date":"2025-11-18T05:05:11","date_gmt":"2025-11-18T05:05:11","guid":{"rendered":"https:\/\/www.europesays.com\/fr\/541783\/"},"modified":"2025-11-18T05:05:11","modified_gmt":"2025-11-18T05:05:11","slug":"loire-un-stephanois-de-78-ans-detenu-au-japon-depuis-deux-ans-lhistoire-oubliee","status":"publish","type":"post","link":"https:\/\/www.europesays.com\/fr\/541783\/","title":{"rendered":"Loire. Un St\u00e9phanois de 78 ans d\u00e9tenu au Japon depuis deux ans\u00a0: l\u2019histoire oubli\u00e9e"},"content":{"rendered":"<p>L\u2019info nous est parvenue par un courriel \u00e0 notre r\u00e9daction\u00a0: \u00ab\u00a0Madame, Monsieur, actuellement \u00e9tudiante, j\u2019effectue un stage dans le cabinet d\u2019avocats The Law Office of Takashi Takano, situ\u00e9 \u00e0 Tokyo. Dans ce cadre, je travaille sur une affaire impliquant un Fran\u00e7ais de 78 ans, originaire de Saint-Etienne, et ayant \u00e9t\u00e9 emprisonn\u00e9 \u00e0 tort au Japon [\u2026] depuis plusieurs ann\u00e9es dans de tr\u00e8s dures conditions. Je vous contacte aujourd\u2019hui pour savoir si vous accepteriez de m\u00e9diatiser l\u2019affaire.\u00a0\u00bb<\/p>\n<p>Nous avons \u00e9videmment r\u00e9pondu \u00e0 l\u2019exp\u00e9diteur du message. Ou plut\u00f4t l\u2019exp\u00e9ditrice puisqu\u2019il s\u2019agit d\u2019une jeune femme.<\/p>\n<p>Il a transport\u00e9 une valise du Qatar au Japon<\/p>\n<p>B\u00e9r\u00e9nyce Karamoko est \u00e9tudiante en double cursus \u00ab\u00a0droit\u00a0\u00bb et&#8230;<\/p>\n","protected":false},"excerpt":{"rendered":"L\u2019info nous est parvenue par un courriel \u00e0 notre r\u00e9daction\u00a0: \u00ab\u00a0Madame, Monsieur, actuellement \u00e9tudiante, j\u2019effectue un stage dans&hellip;\n","protected":false},"author":2,"featured_media":541784,"comment_status":"","ping_status":"","sticky":false,"template":"","format":"standard","meta":{"footnotes":""},"categories":[9653],"tags":[1111,11,2430,271,272,7539,1777,674,274,107,1011,27,3367,12,25,4001,7538],"class_list":{"0":"post-541783","1":"post","2":"type-post","3":"status-publish","4":"format-standard","5":"has-post-thumbnail","7":"category-saint-etienne","8":"tag-actu","9":"tag-actualites","10":"tag-auvergne-rhone-alpes","11":"tag-crime","12":"tag-delit-et-contravention","13":"tag-edition-loire-sud","14":"tag-eu","15":"tag-europe","16":"tag-faits-divers-justice","17":"tag-fil-info","18":"tag-fr","19":"tag-france","20":"tag-loire","21":"tag-news","22":"tag-republique-francaise","23":"tag-saint-etienne","24":"tag-saint-etienne-ville"},"share_on_mastodon":{"url":"https:\/\/pubeurope.com\/@fr\/115568962669797008","error":""},"_links":{"self":[{"href":"https:\/\/www.europesays.com\/fr\/wp-json\/wp\/v2\/posts\/541783","targetHints":{"allow":["GET"]}}],"collection":[{"href":"https:\/\/www.europesays.com\/fr\/wp-json\/wp\/v2\/posts"}],"about":[{"href":"https:\/\/www.europesays.com\/fr\/wp-json\/wp\/v2\/types\/post"}],"author":[{"embeddable":true,"href":"https:\/\/www.europesays.com\/fr\/wp-json\/wp\/v2\/users\/2"}],"replies":[{"embeddable":true,"href":"https:\/\/www.europesays.com\/fr\/wp-json\/wp\/v2\/comments?post=541783"}],"version-history":[{"count":0,"href":"https:\/\/www.europesays.com\/fr\/wp-json\/wp\/v2\/posts\/541783\/revisions"}],"wp:featuredmedia":[{"embeddable":true,"href":"https:\/\/www.europesays.com\/fr\/wp-json\/wp\/v2\/media\/541784"}],"wp:attachment":[{"href":"https:\/\/www.europesays.com\/fr\/wp-json\/wp\/v2\/media?parent=541783"}],"wp:term":[{"taxonomy":"category","embeddable":true,"href":"https:\/\/www.europesays.com\/fr\/wp-json\/wp\/v2\/categories?post=541783"},{"taxonomy":"post_tag","embeddable":true,"href":"https:\/\/www.europesays.com\/fr\/wp-json\/wp\/v2\/tags?post=541783"}],"curies":[{"name":"wp","href":"https:\/\/api.w.org\/{rel}","templated":true}]}}