{"id":541785,"date":"2025-11-18T05:06:13","date_gmt":"2025-11-18T05:06:13","guid":{"rendered":"https:\/\/www.europesays.com\/fr\/541785\/"},"modified":"2025-11-18T05:06:13","modified_gmt":"2025-11-18T05:06:13","slug":"des-locataires-revoltes-par-la-hausse-de-leurs-charges","status":"publish","type":"post","link":"https:\/\/www.europesays.com\/fr\/541785\/","title":{"rendered":"des locataires r\u00e9volt\u00e9s par la hausse de leurs charges"},"content":{"rendered":"<p>\u00ab\u00a0\u00c7a nous rend malades.\u00a0\u00bb Depuis fin octobre, de nombreux locataires d\u2019Alliade Habitat ont du mal \u00e0 trouver le sommeil. Ils ont re\u00e7u des r\u00e9gularisations de charges pour l\u2019ann\u00e9e 2023 avec des montants souvent \u00e0 quatre chiffres.<\/p>\n<p>\u00ab\u00a0On ne peut pas dire qu\u2019ils nous assomment, c\u2019est pire que \u00e7a.\u00a0\u00bb Saliha et Youcef vivent dans la r\u00e9sidence des Balcons de Mathilde, rue Basly, dans le quartier de la Dame-Blanche, depuis 2011. Et ils n\u2019ont jamais re\u00e7u une telle facture.<\/p>\n<p>\u00ab\u00a0Les ann\u00e9es pr\u00e9c\u00e9dentes, c\u2019\u00e9tait quelques centaines d\u2019euros.\u00a0\u00bb Mais, au titre de l\u2019ann\u00e9e 2023, le bailleur social leur r\u00e9clame 1\u00a0900\u00a0euros pour l\u2019eau chaude et le chauffage&#8230;<\/p>\n","protected":false},"excerpt":{"rendered":"\u00ab\u00a0\u00c7a nous rend malades.\u00a0\u00bb Depuis fin octobre, de nombreux locataires d\u2019Alliade Habitat ont du mal \u00e0 trouver le&hellip;\n","protected":false},"author":2,"featured_media":541786,"comment_status":"","ping_status":"","sticky":false,"template":"","format":"standard","meta":{"footnotes":""},"categories":[9653],"tags":[1111,11,2430,7539,1777,674,107,1011,27,1908,3367,12,25,4001,7538,104],"class_list":{"0":"post-541785","1":"post","2":"type-post","3":"status-publish","4":"format-standard","5":"has-post-thumbnail","7":"category-saint-etienne","8":"tag-actu","9":"tag-actualites","10":"tag-auvergne-rhone-alpes","11":"tag-edition-loire-sud","12":"tag-eu","13":"tag-europe","14":"tag-fil-info","15":"tag-fr","16":"tag-france","17":"tag-logement","18":"tag-loire","19":"tag-news","20":"tag-republique-francaise","21":"tag-saint-etienne","22":"tag-saint-etienne-ville","23":"tag-societe"},"share_on_mastodon":{"url":"https:\/\/pubeurope.com\/@fr\/115568966990033510","error":""},"_links":{"self":[{"href":"https:\/\/www.europesays.com\/fr\/wp-json\/wp\/v2\/posts\/541785","targetHints":{"allow":["GET"]}}],"collection":[{"href":"https:\/\/www.europesays.com\/fr\/wp-json\/wp\/v2\/posts"}],"about":[{"href":"https:\/\/www.europesays.com\/fr\/wp-json\/wp\/v2\/types\/post"}],"author":[{"embeddable":true,"href":"https:\/\/www.europesays.com\/fr\/wp-json\/wp\/v2\/users\/2"}],"replies":[{"embeddable":true,"href":"https:\/\/www.europesays.com\/fr\/wp-json\/wp\/v2\/comments?post=541785"}],"version-history":[{"count":0,"href":"https:\/\/www.europesays.com\/fr\/wp-json\/wp\/v2\/posts\/541785\/revisions"}],"wp:featuredmedia":[{"embeddable":true,"href":"https:\/\/www.europesays.com\/fr\/wp-json\/wp\/v2\/media\/541786"}],"wp:attachment":[{"href":"https:\/\/www.europesays.com\/fr\/wp-json\/wp\/v2\/media?parent=541785"}],"wp:term":[{"taxonomy":"category","embeddable":true,"href":"https:\/\/www.europesays.com\/fr\/wp-json\/wp\/v2\/categories?post=541785"},{"taxonomy":"post_tag","embeddable":true,"href":"https:\/\/www.europesays.com\/fr\/wp-json\/wp\/v2\/tags?post=541785"}],"curies":[{"name":"wp","href":"https:\/\/api.w.org\/{rel}","templated":true}]}}