{"id":541799,"date":"2025-11-18T05:14:22","date_gmt":"2025-11-18T05:14:22","guid":{"rendered":"https:\/\/www.europesays.com\/fr\/541799\/"},"modified":"2025-11-18T05:14:22","modified_gmt":"2025-11-18T05:14:22","slug":"rouen-accueille-le-4-decembre-2025-la-7e-edition-du-forum-femmes-challenges-le-rendez-vous-entrepreneurial-de-lannee","status":"publish","type":"post","link":"https:\/\/www.europesays.com\/fr\/541799\/","title":{"rendered":"Rouen accueille le 4 d\u00e9cembre 2025 la 7e \u00e9dition du Forum Femmes &#038; Challenges, le rendez-vous entrepreneurial de l\u2019ann\u00e9e !"},"content":{"rendered":"<p>                        <img decoding=\"async\" src=\"https:\/\/www.europesays.com\/fr\/wp-content\/uploads\/2025\/11\/FC-2025.png\" title=\"FC-2025\" alt=\"\" class=\"lazyload\" style=\"--smush-placeholder-width: 750px; --smush-placeholder-aspect-ratio: 750\/400;\"\/><\/p>\n<p>\n                    Le Forum Femmes &amp; Challenges fait \u00e9tape pour la 1\u00e8re fois \u00e0 Rouen sur le th\u00e8me \u00ab De l\u2019\u00e9lan \u00e0 l\u2019impact \u00bb ou comment passer du projet \u00e0 l\u2019action. Ce rendez-vous annuel incontournable du r\u00e9seau Femmes &amp; Challenges s\u2019installe le jeudi 4 d\u00e9cembre 2025 au Z\u00e9nith de Rouen.                <\/p>\n<p>Cette 7e \u00e9dition, organis\u00e9e pour la 1\u00e8re fois \u00e0 Rouen, s\u2019annonce une nouvelle fois comme un temps fort pour celles et ceux qui souhaitent s\u2019inspirer, oser et faire bouger les lignes autour de l\u2019entrepreneuriat, de la mixit\u00e9 et de l\u2019audace.<\/p>\n<p>                    Le Village du Forum pour r\u00e9seauter                <\/p>\n<p>Le Village du Forum est un espace privil\u00e9gi\u00e9 de rencontres et d\u2019\u00e9changes o\u00f9 les partenaires recevront les visiteurs sur leur stand pour partager conseils et bonnes pratiques afin de faire avancer leurs projets. Ce village proposera un espace \u00ab Rencontres &amp; D\u00e9dicaces \u00bb o\u00f9 les participants pourront rencontrer les speakers, proc\u00e9der \u00e0 des d\u00e9dicaces ; un espace \u00ab Speed conseils \u00bb qui en fin de journ\u00e9e sera d\u00e9di\u00e9 \u00e0 la rencontres des r\u00e9seaux ainsi qu\u2019un espace \u00ab VIP \u00bb. Dans la prolongation du Village, un espace sera \u00e9galement d\u00e9di\u00e9 aux entreprises qui pourront \u00e9galement recevoir les visiteurs sur un stand.<\/p>\n<p>                    Un objectif : donner de l\u2019\u00e9nergie, une vision et des outils pour aller plus loin et passer \u00e0 l\u2019action                <\/p>\n<p>\u00ab Le Forum Femmes &amp; Challenges est un concentr\u00e9 d\u2019\u00e9motions et d\u2019apprentissages pour finir l\u2019ann\u00e9e reboost\u00e9 ! Avec des speakers aux profils vari\u00e9s, cette journ\u00e9e souligne le parcours de chacun pour prendre de la hauteur et b\u00e9n\u00e9ficier de leurs exp\u00e9riences pour aller plus loin, plus vite et avec plus d\u2019enthousiasme ! C\u2019est aussi l\u2019occasion de rencontrer un millier de personnes engag\u00e9es et responsables, tout comme des partenaires pour une vie professionnelle sereine et pleine d\u2019avenir ! \u00bb, explique Audrey Regnier, pr\u00e9sidente du r\u00e9seau Femmes &amp; Challenges.\u00a0 \u00ab\u202fC\u2019est une fiert\u00e9 d\u2019accueillir pour la 1\u00e8re fois \u00e0 Rouen ce grand rendez-vous annuel de l\u2019entrepreneuriat. Bien plus qu\u2019un \u00e9v\u00e8nement, le Forum Femmes &amp; Challenges est un acc\u00e9l\u00e9rateur d\u2019id\u00e9es, de rencontres et de transformations qui fait rayonner notre territoire. C\u2019est une formidable opportunit\u00e9 de sensibiliser, d\u2019inspirer et de faire avancer concr\u00e8tement des sujets essentiels tels que l\u2019entrepreneuriat f\u00e9minin et la mixit\u00e9 dans le monde professionnel \u00bb, poursuit Olivier Rousseille, pr\u00e9sident de la CCI Rouen M\u00e9tropole.<\/p>\n<p>                    Quelques speakers attendus cette ann\u00e9e                <\/p>\n<ul>\n<li>Nicole Ameline, membre du Comit\u00e9 consultatif du conseil des droits de l\u2019Homme\/ONU<\/li>\n<li>Clothilde Bag\u00e9, directrice europ\u00e9enne des op\u00e9rations pour Starkey Hearings et ing\u00e9nieure<\/li>\n<li>Ma\u00eftena Biraben, co-fondatrice de Mesdames productions et Mesdames media<\/li>\n<li>Karine Bourguignon, directrice g\u00e9n\u00e9rale du Cr\u00e9dit Agricole Normandie-Seine<\/li>\n<li>Dominique Carlac\u2019h, vice-pr\u00e9sidente d\u2019ABGi, membre du conseil ex\u00e9cutif du MEDEF et Fondatrice du r\u00e9seau Femmes du Medef<\/li>\n<li>Manon Comalada, directrice g\u00e9n\u00e9rale de PEG<\/li>\n<li>La\u00efla Costa Peirera, PDG de TP-MG Energies<\/li>\n<li>Alexandra Crucq, co-fondatrice de Mesdames productions et Mesdames media<\/li>\n<li>Laure De Chantal, \u00e9ditrice et directrice de la marque La vie des classiques<\/li>\n<li>Laura Di Muzio, ancienne joueuse de rugby de haut niveau, conf\u00e9renci\u00e8re<\/li>\n<li>Sophie Galvagnon, \u00e9xploratrice polaire et PDG de Selar<\/li>\n<li>Sophie Gaugain, 1\u00e8re vice-pr\u00e9sidente de la R\u00e9gion Normandie (d\u00e9veloppement \u00e9conomique) et membre du Haut Conseil \u00e0 l\u2019Egalit\u00e9<\/li>\n<li>C\u00e9line Haye, co-fondatrice de la Brasserie La Vertueuse<\/li>\n<li>Emmanuelle Hoche, responsable partenariat-patients au Centre Henri Becquerel<\/li>\n<li>Margaux Nicoleau, directrice et programmatrice du Biches Festival<\/li>\n<li>Ga\u00eblle Le Vu, directrice RSE ORANGE<\/li>\n<li>Lucie Retail, conf\u00e9renci\u00e8re en v\u00e9rit\u00e9 de soi<\/li>\n<li>Daniel Sauvaget, pr\u00e9sident fondateur d\u2019\u00c9comiam<\/li>\n<li>Arnaud Tanquerel, pr\u00e9sident fondateur du Festival International du Cirque de Bayeux<\/li>\n<\/ul>\n<p>\u00a0<\/p>\n","protected":false},"excerpt":{"rendered":"Le Forum Femmes &amp; Challenges fait \u00e9tape pour la 1\u00e8re fois \u00e0 Rouen sur le th\u00e8me \u00ab De&hellip;\n","protected":false},"author":2,"featured_media":541800,"comment_status":"","ping_status":"","sticky":false,"template":"","format":"standard","meta":{"footnotes":""},"categories":[9587],"tags":[1111,11,1777,674,66006,1011,27,12,5161,25,9590],"class_list":{"0":"post-541799","1":"post","2":"type-post","3":"status-publish","4":"format-standard","5":"has-post-thumbnail","7":"category-rouen","8":"tag-actu","9":"tag-actualites","10":"tag-eu","11":"tag-europe","12":"tag-forum-femmes-challenges","13":"tag-fr","14":"tag-france","15":"tag-news","16":"tag-normandie","17":"tag-republique-francaise","18":"tag-rouen"},"share_on_mastodon":{"url":"https:\/\/pubeurope.com\/@fr\/115568998770282839","error":""},"_links":{"self":[{"href":"https:\/\/www.europesays.com\/fr\/wp-json\/wp\/v2\/posts\/541799","targetHints":{"allow":["GET"]}}],"collection":[{"href":"https:\/\/www.europesays.com\/fr\/wp-json\/wp\/v2\/posts"}],"about":[{"href":"https:\/\/www.europesays.com\/fr\/wp-json\/wp\/v2\/types\/post"}],"author":[{"embeddable":true,"href":"https:\/\/www.europesays.com\/fr\/wp-json\/wp\/v2\/users\/2"}],"replies":[{"embeddable":true,"href":"https:\/\/www.europesays.com\/fr\/wp-json\/wp\/v2\/comments?post=541799"}],"version-history":[{"count":0,"href":"https:\/\/www.europesays.com\/fr\/wp-json\/wp\/v2\/posts\/541799\/revisions"}],"wp:featuredmedia":[{"embeddable":true,"href":"https:\/\/www.europesays.com\/fr\/wp-json\/wp\/v2\/media\/541800"}],"wp:attachment":[{"href":"https:\/\/www.europesays.com\/fr\/wp-json\/wp\/v2\/media?parent=541799"}],"wp:term":[{"taxonomy":"category","embeddable":true,"href":"https:\/\/www.europesays.com\/fr\/wp-json\/wp\/v2\/categories?post=541799"},{"taxonomy":"post_tag","embeddable":true,"href":"https:\/\/www.europesays.com\/fr\/wp-json\/wp\/v2\/tags?post=541799"}],"curies":[{"name":"wp","href":"https:\/\/api.w.org\/{rel}","templated":true}]}}