{"id":54180,"date":"2025-04-26T10:44:14","date_gmt":"2025-04-26T10:44:14","guid":{"rendered":"https:\/\/www.europesays.com\/fr\/54180\/"},"modified":"2025-04-26T10:44:14","modified_gmt":"2025-04-26T10:44:14","slug":"un-nouveau-parc-canal-inaugure-a-rouen-un-moment-historique","status":"publish","type":"post","link":"https:\/\/www.europesays.com\/fr\/54180\/","title":{"rendered":"Un nouveau parc-canal inaugur\u00e9 \u00e0 Rouen : \u00ab\u00a0Un moment historique \u00bb"},"content":{"rendered":"<p>            Par<br \/>\n        <strong><br \/>\n            <a href=\"https:\/\/actu.fr\/auteur\/julien-bouteiller\" title=\"Consulter tous les articles de Julien Bouteiller\" target=\"_blank\" rel=\"noopener\">Julien Bouteiller<\/a><br \/>\n        <\/strong><\/p>\n<p>        Publi\u00e9 le<\/p>\n<p>            26 avr. 2025 \u00e0 11h43        <\/p>\n<p>\u00ab\u00a0Il faut le dire, <strong>c\u2019est un moment historique.<\/strong> \u00c7a change la ville !\u00a0\u00bb Le pr\u00e9sident de la M\u00e9tropole Rouen-Normandie <strong>Nicolas Mayer-Rossignol<\/strong> a voulu marquer le coup ce samedi 26 avril 2025, en inaugurant l<a href=\"https:\/\/actu.fr\/normandie\/rouen_76540\/voici-a-quoi-va-ressembler-le-futur-canal-du-quartier-flaubert-a-rouen_60229212.html\" target=\"_blank\" rel=\"noopener\">e parc-canal Camille-Claudel<\/a> \u00e0 <strong>Rouen<\/strong>.<\/p>\n<p>Un parc-canal sur la rive gauche de Rouen<\/p>\n<p class=\" wall-content\">Il y a un an, <a href=\"https:\/\/actu.fr\/normandie\/rouen_76540\/l-image-on-a-assiste-a-la-mise-a-l-eau-du-futur-canal-du-quartier-flaubert-de-rouen_60885493.html\" target=\"_blank\" rel=\"noopener\">le canal \u00e9tait mis en eau au pied du 108<\/a>, dans la continuit\u00e9 du quartier Flaubert, entour\u00e9 de ce qui ressemblait encore une friche. Mais aujourd\u2019hui, la verdure a pris le pas pour entourer l\u2019\u00e9tendue d\u2019eau, prise d\u2019assaut ce samedi par les \u00e9tudiants qui participent \u00e0 <a href=\"https:\/\/actu.fr\/normandie\/rouen_76540\/retour-de-la-fete-etudiante-a-rouen-ce-que-nous-avions-vu-et-aime-l-an-dernier_62555446.html\" target=\"_blank\" rel=\"noopener\">En Roue(n) Libre<\/a>.<\/p>\n<p class=\" wall-content\">Devant un parterre d\u2019\u00e9lus et parties prenantes de cette r\u00e9alisation, Nicolas Mayer-Rossignol a tenu \u00e0 rappeler que \u00ab\u00a0c\u2019est un projet<strong> qui remonte \u00e0 longtemps<\/strong>, aux ann\u00e9es 90-2000, qui n\u2019a pas toujours fait l\u2019unanimit\u00e9\u00a0\u00bb.<\/p>\n<p>\u00ab\u00a0On retrouve la Seine\u00a0\u00bb<\/p>\n<p class=\" wall-content\">Mais les mandats successifs de <strong>Laurent Fabius, Fr\u00e9d\u00e9ric Sanchez et NMR<\/strong> \u00e0 la t\u00eate de l\u2019agglo puis de la m\u00e9tropole ont tout de m\u00eame abouti \u00e0 ce parc. \u00ab\u00a0Vous le savez, nous avons tenu \u00e0 f\u00e9miniser l\u2019espace public, ce parc-canal porte donc le nom de Camille Claudel\u00a0\u00bb, explique le maire et pr\u00e9sident de la M\u00e9tropole.<\/p>\n<p class=\" wall-content\">Il se r\u00e9jouit d\u00e9sormais que ces quais, autrefois \u00ab\u00a0infr\u00e9quentables\u00a0\u00bb deviennent maintenant un lieu de vie. \u00ab\u00a0On retrouve la Seine et on remet de l\u2019eau au c\u0153ur de la ville.\u00a0\u00bb<\/p>\n<p>Vid\u00e9os : en ce moment sur Actu<br \/>\n      <img   decoding=\"async\" loading=\"lazy\" src=\"https:\/\/www.europesays.com\/fr\/wp-content\/uploads\/2025\/04\/inauguration-parc-claudel-canal-rouen-2-960x640.jpg\" alt=\"Le parc-canal se trouve juste derri\u00e8re le si\u00e8ge de la M\u00e9tropole, sur les quais rive gauche.\" width=\"960\" height=\"640\"\/><br \/>\n    Le parc-canal se trouve juste derri\u00e8re le si\u00e8ge de la M\u00e9tropole, sur les quais rive gauche. (\u00a9JB\/76actu)Suivez l\u2019actualit\u00e9 de Rouen <a href=\"https:\/\/www.whatsapp.com\/channel\/0029VaKfnf99hXF2ddApFB1D\" target=\"_blank\" rel=\"noopener\">sur notre cha\u00eene WhatsApp<\/a> et <a href=\"https:\/\/www.tiktok.com\/@76actu.fr?lang=fr\" target=\"_blank\" rel=\"noopener\">sur notre compte TikTok<\/a><\/p>\n<p class=\" wall-content\">Suivez toute l\u2019actualit\u00e9 de vos villes et m\u00e9dias favoris en vous inscrivant \u00e0 <a href=\"https:\/\/moncompte.actu.fr\" title=\"D\u00e9couvez Mon Actu\" rel=\"nofollow noopener\" data-trk=\"{&quot;cta&quot;:{&quot;action&quot;:&quot;https:\\\/\\\/moncompte.actu.fr&quot;,&quot;category&quot;:&quot;mon compte&quot;,&quot;from&quot;:&quot;article footer&quot;,&quot;name&quot;:&quot;Mon actu&quot;,&quot;type&quot;:&quot;cta&quot;}}\" target=\"_blank\">Mon Actu<\/a>.<\/p>\n<ul class=\"ac-article-tag wall-content\">\n<li><a href=\"https:\/\/actu.fr\/tag\/metropole-rouen\" data-trk=\"{&quot;cta&quot;:{&quot;action&quot;:&quot;M\\u00e9tropole Rouen&quot;,&quot;category&quot;:&quot;tag&quot;,&quot;from&quot;:&quot;article footer&quot;,&quot;name&quot;:&quot;M\\u00e9tropole Rouen&quot;,&quot;type&quot;:&quot;cta&quot;}}\" target=\"_blank\" rel=\"noopener\">#M\u00e9tropole Rouen<\/a><\/li>\n<li><a href=\"https:\/\/actu.fr\/tag\/urbanisme\" data-trk=\"{&quot;cta&quot;:{&quot;action&quot;:&quot;Urbanisme&quot;,&quot;category&quot;:&quot;tag&quot;,&quot;from&quot;:&quot;article footer&quot;,&quot;name&quot;:&quot;Urbanisme&quot;,&quot;type&quot;:&quot;cta&quot;}}\" target=\"_blank\" rel=\"noopener\">#Urbanisme<\/a><\/li>\n<\/ul>\n<p>                    <script async src=\"\/\/www.tiktok.com\/embed.js\"><\/script><\/p>\n","protected":false},"excerpt":{"rendered":"Par Julien Bouteiller Publi\u00e9 le 26 avr. 2025 \u00e0 11h43 \u00ab\u00a0Il faut le dire, c\u2019est un moment historique.&hellip;\n","protected":false},"author":2,"featured_media":54181,"comment_status":"","ping_status":"","sticky":false,"template":"","format":"standard","meta":{"footnotes":""},"categories":[9587],"tags":[1111,11,1777,674,1011,27,9725,12,5161,25,9590,104,1352],"class_list":{"0":"post-54180","1":"post","2":"type-post","3":"status-publish","4":"format-standard","5":"has-post-thumbnail","7":"category-rouen","8":"tag-actu","9":"tag-actualites","10":"tag-eu","11":"tag-europe","12":"tag-fr","13":"tag-france","14":"tag-metropole-rouen","15":"tag-news","16":"tag-normandie","17":"tag-republique-francaise","18":"tag-rouen","19":"tag-societe","20":"tag-urbanisme"},"share_on_mastodon":{"url":"https:\/\/pubeurope.com\/@fr\/114403859760132367","error":""},"_links":{"self":[{"href":"https:\/\/www.europesays.com\/fr\/wp-json\/wp\/v2\/posts\/54180","targetHints":{"allow":["GET"]}}],"collection":[{"href":"https:\/\/www.europesays.com\/fr\/wp-json\/wp\/v2\/posts"}],"about":[{"href":"https:\/\/www.europesays.com\/fr\/wp-json\/wp\/v2\/types\/post"}],"author":[{"embeddable":true,"href":"https:\/\/www.europesays.com\/fr\/wp-json\/wp\/v2\/users\/2"}],"replies":[{"embeddable":true,"href":"https:\/\/www.europesays.com\/fr\/wp-json\/wp\/v2\/comments?post=54180"}],"version-history":[{"count":0,"href":"https:\/\/www.europesays.com\/fr\/wp-json\/wp\/v2\/posts\/54180\/revisions"}],"wp:featuredmedia":[{"embeddable":true,"href":"https:\/\/www.europesays.com\/fr\/wp-json\/wp\/v2\/media\/54181"}],"wp:attachment":[{"href":"https:\/\/www.europesays.com\/fr\/wp-json\/wp\/v2\/media?parent=54180"}],"wp:term":[{"taxonomy":"category","embeddable":true,"href":"https:\/\/www.europesays.com\/fr\/wp-json\/wp\/v2\/categories?post=54180"},{"taxonomy":"post_tag","embeddable":true,"href":"https:\/\/www.europesays.com\/fr\/wp-json\/wp\/v2\/tags?post=54180"}],"curies":[{"name":"wp","href":"https:\/\/api.w.org\/{rel}","templated":true}]}}