{"id":541808,"date":"2025-11-18T05:21:23","date_gmt":"2025-11-18T05:21:23","guid":{"rendered":"https:\/\/www.europesays.com\/fr\/541808\/"},"modified":"2025-11-18T05:21:23","modified_gmt":"2025-11-18T05:21:23","slug":"schiltigheim-pour-sa-cloture-jazzdor-fait-la-fete-avec-omar-sosa-et-souad-alsa","status":"publish","type":"post","link":"https:\/\/www.europesays.com\/fr\/541808\/","title":{"rendered":"Schiltigheim. Pour sa cl\u00f4ture, Jazzdor fait la f\u00eate avec Omar Sosa et Souad Alsa"},"content":{"rendered":"<p>Faire le plein d\u2019\u00e9nergie\u00a0! S\u2019ouvrir \u00e0 la flamboyance des rythmes afro-cubains et \u00e0 la tradition des Gnawas et battre en br\u00e8che tout repli identitaire. Pour la cl\u00f4ture de sa 40e \u00e9dition festivali\u00e8re, Jazzdor invite \u00e0 faire la f\u00eate avec Omar Sosa, le Cubain \u00e0 l\u2019exub\u00e9rance pianistique imparable, ce vendredi 21\u00a0novembre \u00e0 Schiltigheim.<\/p>\n<p>  Un tourbillon d\u2019humanit\u00e9 si cardinal<\/p>\n<p>Omar Sosa s\u2019est impos\u00e9 par son toucher subtil, lyrique et une dimension mystique. Pour le Cubain, la cr\u00e9ation en musique ne supporte pas le huis clos. Elle prend bien davantage son sens dans l\u2019interactivit\u00e9 avec des invit\u00e9s. D\u2019autant que chez lui, l\u2019Afrique s\u2019impose comme une influence majuscule. Aussi, la star du jazz afro-cubain nomm\u00e9 quatre fois aux Grammy Awards d\u00e9barque-t-elle sur la sc\u00e8ne de la Briqueterie avec un projet unique de m\u00e9tissage musical tiss\u00e9 avec la chanteuse Souad Asla. Sa voix nous emm\u00e8ne aux portes du d\u00e9sert. Sa musique riche de m\u00e9tissages transmet aussi un esprit rebelle qui transcende une identit\u00e9 fig\u00e9e.<\/p>\n<p>H\u00e9riti\u00e8re de la tradition des Gnawas, l\u2019Alg\u00e9rienne ravive les rythmes et rites ancestraux de la Saoura \u2013 sa r\u00e9gion natale. Avec son groupe Lemma qu\u2019elle porte depuis 2017, ou plus re\u0301cemment avec Sahariennes ou Les He\u0301ritie\u0300res une cre\u0301ation en hommage a\u0300 Cheikha Rimitti, elle embarque le public avec un rayonnement et une g\u00e9n\u00e9rosit\u00e9 impressionnants.<\/p>\n<p>Rien d\u2019\u00e9tonnant \u00e0 ce que Sahravane le projet d\u00e9velopp\u00e9 avec Omar Sosa soit pr\u00e9c\u00e9d\u00e9 d\u2019une belle r\u00e9putation. Y r\u00e9sonnent des m\u00e9lop\u00e9es intemporelles, puissantes qui relient aux \u00e9l\u00e9ments, \u00e0 l\u2019\u00e2me en d\u00e9rivant vers des \u00e9chapp\u00e9es plus jazz et afro-cubaines. Les fronti\u00e8res sautent dans un tourbillon d\u2019humanit\u00e9 si cardinal pour les temps qui courent.<\/p>\n<p class=\"note\">Ce vendredi 21\u00a0novembre \u00e0 20\u00a0h\u00a030, \u00e0 la Briqueterie, \u00e0 Schiltigheim. Tarifs de 6 \u00e0 30\u00a0\u20ac; jazzdor.com Suivi du DJ set de la br\u00e9silienne Margarita Temp\u00eate pour prolonger la f\u00eate du 40e anniversaire de Jazzdor.\ufeff<\/p>\n","protected":false},"excerpt":{"rendered":"Faire le plein d\u2019\u00e9nergie\u00a0! S\u2019ouvrir \u00e0 la flamboyance des rythmes afro-cubains et \u00e0 la tradition des Gnawas et&hellip;\n","protected":false},"author":2,"featured_media":541809,"comment_status":"","ping_status":"","sticky":false,"template":"","format":"standard","meta":{"footnotes":""},"categories":[2820],"tags":[1111,11,2389,1687,1777,674,107,1011,27,775,12,25,3140,640],"class_list":{"0":"post-541808","1":"post","2":"type-post","3":"status-publish","4":"format-standard","5":"has-post-thumbnail","7":"category-strasbourg","8":"tag-actu","9":"tag-actualites","10":"tag-alsace","11":"tag-culture-loisirs","12":"tag-eu","13":"tag-europe","14":"tag-fil-info","15":"tag-fr","16":"tag-france","17":"tag-grand-est","18":"tag-news","19":"tag-republique-francaise","20":"tag-spectacle","21":"tag-strasbourg"},"share_on_mastodon":{"url":"https:\/\/pubeurope.com\/@fr\/115569025739995999","error":""},"_links":{"self":[{"href":"https:\/\/www.europesays.com\/fr\/wp-json\/wp\/v2\/posts\/541808","targetHints":{"allow":["GET"]}}],"collection":[{"href":"https:\/\/www.europesays.com\/fr\/wp-json\/wp\/v2\/posts"}],"about":[{"href":"https:\/\/www.europesays.com\/fr\/wp-json\/wp\/v2\/types\/post"}],"author":[{"embeddable":true,"href":"https:\/\/www.europesays.com\/fr\/wp-json\/wp\/v2\/users\/2"}],"replies":[{"embeddable":true,"href":"https:\/\/www.europesays.com\/fr\/wp-json\/wp\/v2\/comments?post=541808"}],"version-history":[{"count":0,"href":"https:\/\/www.europesays.com\/fr\/wp-json\/wp\/v2\/posts\/541808\/revisions"}],"wp:featuredmedia":[{"embeddable":true,"href":"https:\/\/www.europesays.com\/fr\/wp-json\/wp\/v2\/media\/541809"}],"wp:attachment":[{"href":"https:\/\/www.europesays.com\/fr\/wp-json\/wp\/v2\/media?parent=541808"}],"wp:term":[{"taxonomy":"category","embeddable":true,"href":"https:\/\/www.europesays.com\/fr\/wp-json\/wp\/v2\/categories?post=541808"},{"taxonomy":"post_tag","embeddable":true,"href":"https:\/\/www.europesays.com\/fr\/wp-json\/wp\/v2\/tags?post=541808"}],"curies":[{"name":"wp","href":"https:\/\/api.w.org\/{rel}","templated":true}]}}