{"id":541817,"date":"2025-11-18T05:26:34","date_gmt":"2025-11-18T05:26:34","guid":{"rendered":"https:\/\/www.europesays.com\/fr\/541817\/"},"modified":"2025-11-18T05:26:34","modified_gmt":"2025-11-18T05:26:34","slug":"a-nantes-un-salon-pour-bien-preparer-sa-retraite-2","status":"publish","type":"post","link":"https:\/\/www.europesays.com\/fr\/541817\/","title":{"rendered":"\u00c0 Nantes, un salon pour bien pr\u00e9parer sa retraite"},"content":{"rendered":"<p>Patrimoine, vie associative, voyages, logement\u2026 Le forum des seniors Loire-Atlantique est le rendez-vous incontournable des seniors actifs en qu\u00eate d\u2019informations et d\u2019id\u00e9es pour bien pr\u00e9parer leur retraite. Une trentaine d\u2019associations y participent. Au programme\u00a0: une centaine de conf\u00e9rences et ateliers anim\u00e9s par des experts. L\u2019occasion de tester un nouveau sport, d\u00e9couvrir une maison confortable et s\u00e9curis\u00e9e, se renseigner sur les habitats partag\u00e9s, inclusifs, interg\u00e9n\u00e9rationnels\u2026<\/p>\n<p>Le D\u00e9partement sera pr\u00e9sent pour faire conna\u00eetre son action et ses services d\u00e9di\u00e9s aux personnes \u00e2g\u00e9es et leurs aidants. Invit\u00e9 d\u2019honneur de cette dixi\u00e8me \u00e9dition\u00a0: Nelson Monfort, journaliste sportif qui partagera des anecdotes sur les coulisses du sport \u00e0 la t\u00e9l\u00e9vision.<\/p>\n<p><strong>Du jeudi\u00a020 au samedi 22\u00a0novembre, <\/strong>de 10\u00a0h \u00e0 18\u00a0h, parc des expositions de la Beaujoire, route de Saint-Joseph, \u00e0 Nantes, gratuit sur inscription, <a href=\"https:\/\/forumdesseniorsatlantique.fr\/\" target=\"_blank\" rel=\"noopener\">forumdesseniorsatlantique.fr.<\/a><\/p>\n<p>\u00a0<\/p>\n","protected":false},"excerpt":{"rendered":"Patrimoine, vie associative, voyages, logement\u2026 Le forum des seniors Loire-Atlantique est le rendez-vous incontournable des seniors actifs en&hellip;\n","protected":false},"author":2,"featured_media":540899,"comment_status":"","ping_status":"","sticky":false,"template":"","format":"standard","meta":{"footnotes":""},"categories":[2818],"tags":[1111,11,1777,674,1011,27,766,12,2636,29155,25,137,6290],"class_list":{"0":"post-541817","1":"post","2":"type-post","3":"status-publish","4":"format-standard","5":"has-post-thumbnail","7":"category-nantes","8":"tag-actu","9":"tag-actualites","10":"tag-eu","11":"tag-europe","12":"tag-fr","13":"tag-france","14":"tag-nantes","15":"tag-news","16":"tag-pays-de-la-loire","17":"tag-preparer","18":"tag-republique-francaise","19":"tag-retraite","20":"tag-salon"},"share_on_mastodon":{"url":"https:\/\/pubeurope.com\/@fr\/115569045368954334","error":""},"_links":{"self":[{"href":"https:\/\/www.europesays.com\/fr\/wp-json\/wp\/v2\/posts\/541817","targetHints":{"allow":["GET"]}}],"collection":[{"href":"https:\/\/www.europesays.com\/fr\/wp-json\/wp\/v2\/posts"}],"about":[{"href":"https:\/\/www.europesays.com\/fr\/wp-json\/wp\/v2\/types\/post"}],"author":[{"embeddable":true,"href":"https:\/\/www.europesays.com\/fr\/wp-json\/wp\/v2\/users\/2"}],"replies":[{"embeddable":true,"href":"https:\/\/www.europesays.com\/fr\/wp-json\/wp\/v2\/comments?post=541817"}],"version-history":[{"count":0,"href":"https:\/\/www.europesays.com\/fr\/wp-json\/wp\/v2\/posts\/541817\/revisions"}],"wp:featuredmedia":[{"embeddable":true,"href":"https:\/\/www.europesays.com\/fr\/wp-json\/wp\/v2\/media\/540899"}],"wp:attachment":[{"href":"https:\/\/www.europesays.com\/fr\/wp-json\/wp\/v2\/media?parent=541817"}],"wp:term":[{"taxonomy":"category","embeddable":true,"href":"https:\/\/www.europesays.com\/fr\/wp-json\/wp\/v2\/categories?post=541817"},{"taxonomy":"post_tag","embeddable":true,"href":"https:\/\/www.europesays.com\/fr\/wp-json\/wp\/v2\/tags?post=541817"}],"curies":[{"name":"wp","href":"https:\/\/api.w.org\/{rel}","templated":true}]}}