{"id":541823,"date":"2025-11-18T05:32:15","date_gmt":"2025-11-18T05:32:15","guid":{"rendered":"https:\/\/www.europesays.com\/fr\/541823\/"},"modified":"2025-11-18T05:32:15","modified_gmt":"2025-11-18T05:32:15","slug":"cette-nouvelle-passerelle-va-permettre-de-franchir-le-peripherique-de-toulouse-et-de-relier-deux-quartiers","status":"publish","type":"post","link":"https:\/\/www.europesays.com\/fr\/541823\/","title":{"rendered":"Cette nouvelle passerelle va permettre de franchir le p\u00e9riph\u00e9rique de Toulouse et de relier deux quartiers"},"content":{"rendered":"<p>                    Par<br \/>\n        <strong><br \/>\n            <a href=\"https:\/\/actu.fr\/auteur\/david-saint-sernin\" title=\"Consulter tous les articles de David Saint-Sernin\" target=\"_blank\" rel=\"noopener\">David Saint-Sernin<\/a><br \/>\n                    <\/strong><\/p>\n<p>        Publi\u00e9 le<\/p>\n<p>            18 nov. 2025 \u00e0 6h08        <\/p>\n<p>Une nouvelle passerelle pi\u00e9tonne va enjamber le<a href=\"https:\/\/actu.fr\/tag\/peripherique-de-toulouse\" target=\"_blank\" rel=\"noopener\"> p\u00e9riph\u00e9rique<\/a> au sud de Toulouse. Alors que le projet d\u2019un<a href=\"https:\/\/actu.fr\/occitanie\/toulouse_31555\/ce-nouvel-echangeur-sur-le-peripherique-de-toulouse-est-declare-d-utilite-publique-le-projet-devient-concret_63437656.html\" target=\"_blank\" rel=\"noopener\">\u00a0nouvel \u00e9changeur se concr\u00e9tise<\/a> \u00e0 l\u2019est de la Ville rose, un deuxi\u00e8me projet entre \u00e9galement dans une phase plus concr\u00e8te en ce mois de novembre\u00a02025. C\u2019est celui d\u2019une<strong> passerelle r\u00e9serv\u00e9e aux pi\u00e9tons et aux cyclistes<\/strong> entre le nouveau quartier de Montaudran et le complexe scientifique de Rangueil. On vous dit tout de ce projet.<\/p>\n<p>Deux quartiers reli\u00e9s<\/p>\n<p class=\" wall-content\">\u00c9voqu\u00e9 d\u00e8s 2021 et <a href=\"https:\/\/actu.fr\/occitanie\/toulouse_31555\/toulouse-ce-nouveau-pont-atypique-va-survoler-le-peripherique-on-vous-dit-ou_60908217.html\" target=\"_blank\" rel=\"noopener\">act\u00e9 en 2024<\/a>, le projet de passerelle pi\u00e9tonne se concr\u00e9tise. Le chantier devrait d\u00e9marrer en 2026 pour une ouverture au public en 2028.<\/p>\n<p class=\" wall-content\">\u00ab\u2009Le projet de cr\u00e9ation d\u2019une passerelle pour les modes actifs au-dessus du p\u00e9riph\u00e9rique A 620, qui longe le CREPS, consiste \u00e0 cr\u00e9er une liaison entre le nouveau quartier Toulouse Aerospace et le complexe scientifique. Cette passerelle mettra en relation le quartier de Montaudran existant et \u00e0 venir avec le campus de Rangueil et la grande voie cyclable le long du canal du Midi\u2009\u00bb, expliquait Toulouse M\u00e9tropole en 2024 quand le projet a \u00e9t\u00e9 valid\u00e9.<\/p>\n<p class=\" wall-content\">C\u2019est d\u00e9sormais le premier march\u00e9 public qui est lanc\u00e9. Ce march\u00e9, comprenant les terrassements, les travaux de g\u00e9nie civil, et la r\u00e9alisation de la charpente m\u00e9tallique, doit \u00eatre attribu\u00e9 d\u00e9but 2026.<\/p>\n<p>La passerelle, puis une voie verte<\/p>\n<p class=\" wall-content\">La passerelle, constitu\u00e9e d\u2019un caisson m\u00e9tallique, permettra le franchissement de l\u2019avenue Bernard-Maris et de l\u2019A620. La rampe nord, d\u2019une largeur de cinq m\u00e8tres avec s\u00e9paration des flux, permettra de franchir l\u2019avenue Bernard-Maris. La rampe sud longera l\u2019A620 le long du CREPS. Le cheminement sud \u2013 d\u2019une largeur de quatre m\u00e8tres et qui aura le statut de voie verte \u2013 rejoindra l\u2019avenue Edouard-Belin entre le CREPS et l\u2019ENAC.<\/p>\n<p>    <img   decoding=\"async\" loading=\"lazy\" src=\"https:\/\/www.europesays.com\/fr\/wp-content\/uploads\/2025\/11\/passerelle-montaudran-toulouse-urbanisme-1-960x640-1-960x640.jpg\" alt=\"La rampe sud de la passerelle longera le p\u00e9riph\u00e9rique en face le CREPS. Le nouveau cheminement permettra ensuite de rejoindre l'avenue Edouard Belin en passant entre le CREPS et l'ENAC.\" width=\"960\" height=\"640\"\/><br \/>\n    La rampe sud de la passerelle longera le p\u00e9riph\u00e9rique en face le CREPS. Le nouveau cheminement permettra ensuite de rejoindre l\u2019avenue Edouard Belin, en passant entre le CREPS et l\u2019ENAC. (\u00a9Toulouse M\u00e9tropole)Relier deux quartiers<\/p>\n<p class=\" wall-content\">Dans un secteur o\u00f9 le p\u00e9riph\u00e9rique demeure une fronti\u00e8re difficilement franchissable, o\u00f9 la seule liaison pour les modes doux, la Liaison Multimodale du Sud-Est (LMSE), est situ\u00e9e \u00e0 plusieurs centaines de m\u00e8tres, et alors que le quartier de Montaudran, en plein d\u00e9veloppement, va accueillir des milliers de nouveaux habitants dans les prochaines ann\u00e9es, cette nouvelle passerelle permettra de bien mieux relier le complexe scientifique de Rangueil au quartier Montaudran.<\/p>\n<p class=\" wall-content\">La passerelle fera le lien entre plusieurs quartiers toulousains\u2009: Montaudran, la halte TER, les futures stations de la ligne C du m\u00e9tro en construction, Montaudran Gare et Aerospace Campus d\u2019un c\u00f4t\u00e9\u2009; le complexe scientifique de l\u2019autre. Depuis cet axe, les cyclistes pourront \u00e9galement rejoindre le canal du Midi.<\/p>\n<p>Votre r\u00e9gion, votre actu !<\/p>\n<p>Recevez chaque jour les infos qui comptent pour vous.<\/p>\n<p>\t<a href=\"https:\/\/actu.fr\/newsletter\" class=\"ac-btn ac-btn--corner ac-btn--medium ac-btn--blue800\" target=\"_blank\" rel=\"noopener\">S&rsquo;incrire<\/a><\/p>\n<p class=\" wall-content\">Le co\u00fbt de l\u2019op\u00e9ration a \u00e9t\u00e9 \u00e9valu\u00e9 \u00e0 <strong>10,5\u00a0millions d\u2019euros TTC<\/strong> en 2024.<\/p>\n<p>    <a href=\"https:\/\/www.google.com\/maps\/embed?pb=!1m17!1m12!1m3!1d92483.86805813505!2d1.3893593557049637!3d43.58319850116942!2m3!1f0!2f0!3f0!3m2!1i1024!2i768!4f13.1!3m2!1m1!2zNDPCsDM0JzA4LjUiTiAxwrAyOCc0NS42IkU!5e0!3m2!1sfr!2sfr!4v1763358716324!5m2!1sfr!2sfr\" title=\"Ouvrie le lien\" target=\"_blank\" rel=\"noopener\">Cliquez ici pour visualiser le contenu<\/a><\/p>\n<p class=\" wall-content\">Personnalisez votre actualit\u00e9 en ajoutant vos villes et m\u00e9dias en favori avec <a href=\"https:\/\/moncompte.actu.fr\" title=\"D\u00e9couvez Mon Actu\" rel=\"nofollow noopener\" data-trk=\"{&quot;cta&quot;:{&quot;action&quot;:&quot;https:\\\/\\\/moncompte.actu.fr&quot;,&quot;category&quot;:&quot;mon compte&quot;,&quot;from&quot;:&quot;article footer&quot;,&quot;name&quot;:&quot;Mon actu&quot;,&quot;type&quot;:&quot;cta&quot;}}\" target=\"_blank\">Mon Actu<\/a>.<\/p>\n","protected":false},"excerpt":{"rendered":"Par David Saint-Sernin Publi\u00e9 le 18 nov. 2025 \u00e0 6h08 Une nouvelle passerelle pi\u00e9tonne va enjamber le p\u00e9riph\u00e9rique&hellip;\n","protected":false},"author":2,"featured_media":541824,"comment_status":"","ping_status":"","sticky":false,"template":"","format":"standard","meta":{"footnotes":""},"categories":[2816],"tags":[1111,11,1777,674,1011,27,12,2680,4800,25,104,2312],"class_list":{"0":"post-541823","1":"post","2":"type-post","3":"status-publish","4":"format-standard","5":"has-post-thumbnail","7":"category-toulouse","8":"tag-actu","9":"tag-actualites","10":"tag-eu","11":"tag-europe","12":"tag-fr","13":"tag-france","14":"tag-news","15":"tag-occitanie","16":"tag-peripherique-de-toulouse","17":"tag-republique-francaise","18":"tag-societe","19":"tag-toulouse"},"share_on_mastodon":{"url":"https:\/\/pubeurope.com\/@fr\/115569069552874694","error":""},"_links":{"self":[{"href":"https:\/\/www.europesays.com\/fr\/wp-json\/wp\/v2\/posts\/541823","targetHints":{"allow":["GET"]}}],"collection":[{"href":"https:\/\/www.europesays.com\/fr\/wp-json\/wp\/v2\/posts"}],"about":[{"href":"https:\/\/www.europesays.com\/fr\/wp-json\/wp\/v2\/types\/post"}],"author":[{"embeddable":true,"href":"https:\/\/www.europesays.com\/fr\/wp-json\/wp\/v2\/users\/2"}],"replies":[{"embeddable":true,"href":"https:\/\/www.europesays.com\/fr\/wp-json\/wp\/v2\/comments?post=541823"}],"version-history":[{"count":0,"href":"https:\/\/www.europesays.com\/fr\/wp-json\/wp\/v2\/posts\/541823\/revisions"}],"wp:featuredmedia":[{"embeddable":true,"href":"https:\/\/www.europesays.com\/fr\/wp-json\/wp\/v2\/media\/541824"}],"wp:attachment":[{"href":"https:\/\/www.europesays.com\/fr\/wp-json\/wp\/v2\/media?parent=541823"}],"wp:term":[{"taxonomy":"category","embeddable":true,"href":"https:\/\/www.europesays.com\/fr\/wp-json\/wp\/v2\/categories?post=541823"},{"taxonomy":"post_tag","embeddable":true,"href":"https:\/\/www.europesays.com\/fr\/wp-json\/wp\/v2\/tags?post=541823"}],"curies":[{"name":"wp","href":"https:\/\/api.w.org\/{rel}","templated":true}]}}