{"id":541825,"date":"2025-11-18T05:33:11","date_gmt":"2025-11-18T05:33:11","guid":{"rendered":"https:\/\/www.europesays.com\/fr\/541825\/"},"modified":"2025-11-18T05:33:11","modified_gmt":"2025-11-18T05:33:11","slug":"humoriste-et-musicien-de-lille-simon-participe-a-lemission","status":"publish","type":"post","link":"https:\/\/www.europesays.com\/fr\/541825\/","title":{"rendered":"humoriste et musicien de Lille, Simon participe \u00e0 l&rsquo;\u00e9mission"},"content":{"rendered":"<p>                    Par<br \/>\n        <strong><br \/>\n            <a href=\"https:\/\/actu.fr\/auteur\/zoe-hondt\" title=\"Consulter tous les articles de Zoe Hondt\" rel=\"nofollow noopener\" target=\"_blank\">Zoe Hondt<\/a><br \/>\n                    <\/strong><\/p>\n<p>        Publi\u00e9 le<\/p>\n<p>            18 nov. 2025 \u00e0 6h22        <\/p>\n<p>Sa performance saura-t-elle convaincre le jury ? Mardi 18 novembre, \u00e0 partir de 21h10 sur M6, un habitant de <a href=\"https:\/\/actu.fr\/lille\/\" rel=\"nofollow noopener\" target=\"_blank\">Lille<\/a> (Nord) sera sur la sc\u00e8ne de<b> La France a un incroyable ialent<\/b>. <b>Com\u00e9dien<\/b>, <b>humoriste <\/b>et <b>chanteur<\/b>, Simon Noens, 38 ans, proposera une prestation \u00ab\u00a0\u00e0 la crois\u00e9e des chemins\u00a0\u00bb. Il s\u2019est confi\u00e9 \u00e0 Lille Actu sur cette exp\u00e9rience, marqu\u00e9e par \u00ab\u00a0le plaisir\u00a0\u00bb et \u00ab\u00a0une super belle ambiance\u00a0\u00bb. Entretien.<\/p>\n<p class=\"ac-article-content__question wall-content\">Depuis quand \u00eates-vous humoriste ?<\/p>\n<p class=\" wall-content\">C\u2019est mon m\u00e9tier depuis longtemps. J\u2019ai quasiment fait l\u2019ouverture du Spotlight [fameux comedy club, ndlr] \u00e0 Lille, en 2010. J\u2019ai commenc\u00e9 \u00e0 allier l\u2019humour \u00e0 la musique en 2020, juste apr\u00e8s le confinement. Je voulais essayer un nouveau registre qui me plaisait. J\u2019\u00e9tais un peu plus \u00e0 l\u2019ancienne avant.<\/p>\n<p class=\"ac-article-content__question wall-content\">Comment avez-vous fait pour participer \u00e0 La France a un incroyable talent ?\u00a0<\/p>\n<p class=\" wall-content\">J\u2019ai \u00e9t\u00e9 contact\u00e9 par l\u2019\u00e9mission il y a un certain temps, mais je n\u2019avais pas encore trouv\u00e9 la bonne formule pour y participer. Ils m\u2019ont redemand\u00e9 pour cette saison et j\u2019ai dit \u00ab\u00a0Oui, banco !\u00a0\u00bb C\u2019est l\u2019occasion de montrer mon univers et mon style d\u2019humour. Je les remercie pour \u00e7a. Ensuite, il y a plusieurs phases de s\u00e9lection. J\u2019ai d\u2019abord jou\u00e9 \u00e0 Paris o\u00f9 l\u2019on m\u2019a rep\u00e9r\u00e9, puis il y a une autre \u00e9tape o\u00f9 l\u2019on a trois ou quatre minutes pour montrer le num\u00e9ro le plus convaincant possible.<\/p>\n<p class=\"ac-article-content__question wall-content\">Comment avez-vous choisi votre num\u00e9ro pour l\u2019\u00e9mission ?<\/p>\n<p class=\" wall-content\">J\u2019avais quelques id\u00e9es. J\u2019en ai parl\u00e9 \u00e0 mon metteur en sc\u00e8ne pour choisir le num\u00e9ro le plus efficace et celui qui sera le mieux per\u00e7u par le public. Ce n\u2019est pas r\u00e9ellement du stand-up dans sa forme classique. C\u2019est \u00e0 la crois\u00e9e des chemins entre l\u2019humour et la musique.<\/p>\n<p class=\" wall-content\">Je mets en sc\u00e8ne un personnage un peu r\u00eaveur et candide qui pense qu\u2019il va r\u00e9ussir, avec des interludes musicaux \u00e0 la guitare. On s\u2019est mis d\u2019accord sur une chanson mash-up, c\u2019est-\u00e0-dire un mix. Il y a un peu de tout : de la chanson fran\u00e7aise, de la pop, du rock. Il y en a pour tous les go\u00fbts.<\/p>\n<p class=\"ac-article-content__question wall-content\">Que retenez-vous de votre moment sur sc\u00e8ne et du tournage ?<\/p>\n<p class=\" wall-content\">C\u2019\u00e9tait une super exp\u00e9rience. \u00c9videmment, ce n\u2019est pas la m\u00eame chose que lorsque je fais des sc\u00e8nes dans la vie de tous les jours. C\u2019est plus grand en termes de logistique, avec les cam\u00e9ras et un temps de passage plus court. Il y avait forc\u00e9ment un peu de stress et un enjeu suppl\u00e9mentaire, mais le fond est le m\u00eame. Ce n\u2019\u00e9tait que du plaisir, le but \u00e9tant de faire rire les gens et je pense que tout le monde a pass\u00e9 un bon moment. J\u2019ai rencontr\u00e9 d\u2019autres artistes qui avaient le m\u00eame objectif : faire en sorte que \u00e7a fonctionne. Il n\u2019y avait pas de comp\u00e9tition entre nous, c\u2019\u00e9tait une super belle ambiance.<\/p>\n<p>Votre r\u00e9gion, votre actu !<\/p>\n<p>Recevez chaque jour les infos qui comptent pour vous.<\/p>\n<p>\t<a href=\"https:\/\/actu.fr\/newsletter\" class=\"ac-btn ac-btn--corner ac-btn--medium ac-btn--blue800\" rel=\"nofollow noopener\" target=\"_blank\">S&rsquo;incrire<\/a><\/p>\n<p class=\"ac-article-content__question wall-content\">Qu\u2019attendez-vous de l\u2019\u00e9mission ?\u00a0<\/p>\n<p class=\" wall-content\">Un coup de projecteur, c\u2019est toujours sympa. \u00c7a peut amener des gens \u00e0 vouloir en savoir plus. J\u2019ai envie de laisser une bonne impression. J\u2019esp\u00e8re que le public ne va pas s\u2019ennuyer et que certains se diront \u00ab\u00a0Tiens, c\u2019est intrigant ! O\u00f9 peut-on retrouver cette personne ?\u00a0\u00bb Peut-\u00eatre sur les planches de Lille ? Peut-\u00eatre \u00e0 la prochaine \u00e9mission ?\u00a0\u00bb<\/p>\n<p class=\" wall-content\">L\u2019avenir nous le dira\u2026 Bonne chance \u00e0 notre candidat lillois !<\/p>\n<p class=\" wall-content\">Personnalisez votre actualit\u00e9 en ajoutant vos villes et m\u00e9dias en favori avec <a href=\"https:\/\/moncompte.actu.fr\" title=\"D\u00e9couvez Mon Actu\" rel=\"nofollow noopener\" data-trk=\"{&quot;cta&quot;:{&quot;action&quot;:&quot;https:\\\/\\\/moncompte.actu.fr&quot;,&quot;category&quot;:&quot;mon compte&quot;,&quot;from&quot;:&quot;article footer&quot;,&quot;name&quot;:&quot;Mon actu&quot;,&quot;type&quot;:&quot;cta&quot;}}\" target=\"_blank\">Mon Actu<\/a>.<\/p>\n","protected":false},"excerpt":{"rendered":"Par Zoe Hondt Publi\u00e9 le 18 nov. 2025 \u00e0 6h22 Sa performance saura-t-elle convaincre le jury ? Mardi&hellip;\n","protected":false},"author":2,"featured_media":541826,"comment_status":"","ping_status":"","sticky":false,"template":"","format":"standard","meta":{"footnotes":""},"categories":[2815],"tags":[1111,11,1777,674,1011,27,811,708,1307,1652,12,25,853,252],"class_list":{"0":"post-541825","1":"post","2":"type-post","3":"status-publish","4":"format-standard","5":"has-post-thumbnail","7":"category-lille","8":"tag-actu","9":"tag-actualites","10":"tag-eu","11":"tag-europe","12":"tag-fr","13":"tag-france","14":"tag-hauts-de-france","15":"tag-humour","16":"tag-lille","17":"tag-loisirs-culture","18":"tag-news","19":"tag-republique-francaise","20":"tag-spectacles","21":"tag-television"},"share_on_mastodon":{"url":"https:\/\/pubeurope.com\/@fr\/115569072859421637","error":""},"_links":{"self":[{"href":"https:\/\/www.europesays.com\/fr\/wp-json\/wp\/v2\/posts\/541825","targetHints":{"allow":["GET"]}}],"collection":[{"href":"https:\/\/www.europesays.com\/fr\/wp-json\/wp\/v2\/posts"}],"about":[{"href":"https:\/\/www.europesays.com\/fr\/wp-json\/wp\/v2\/types\/post"}],"author":[{"embeddable":true,"href":"https:\/\/www.europesays.com\/fr\/wp-json\/wp\/v2\/users\/2"}],"replies":[{"embeddable":true,"href":"https:\/\/www.europesays.com\/fr\/wp-json\/wp\/v2\/comments?post=541825"}],"version-history":[{"count":0,"href":"https:\/\/www.europesays.com\/fr\/wp-json\/wp\/v2\/posts\/541825\/revisions"}],"wp:featuredmedia":[{"embeddable":true,"href":"https:\/\/www.europesays.com\/fr\/wp-json\/wp\/v2\/media\/541826"}],"wp:attachment":[{"href":"https:\/\/www.europesays.com\/fr\/wp-json\/wp\/v2\/media?parent=541825"}],"wp:term":[{"taxonomy":"category","embeddable":true,"href":"https:\/\/www.europesays.com\/fr\/wp-json\/wp\/v2\/categories?post=541825"},{"taxonomy":"post_tag","embeddable":true,"href":"https:\/\/www.europesays.com\/fr\/wp-json\/wp\/v2\/tags?post=541825"}],"curies":[{"name":"wp","href":"https:\/\/api.w.org\/{rel}","templated":true}]}}