{"id":541827,"date":"2025-11-18T05:34:19","date_gmt":"2025-11-18T05:34:19","guid":{"rendered":"https:\/\/www.europesays.com\/fr\/541827\/"},"modified":"2025-11-18T05:34:19","modified_gmt":"2025-11-18T05:34:19","slug":"la-livraison-prevue-au-printemps","status":"publish","type":"post","link":"https:\/\/www.europesays.com\/fr\/541827\/","title":{"rendered":"la livraison pr\u00e9vue au printemps"},"content":{"rendered":"<p>                    Par<br \/>\n        <strong><br \/>\n            <a href=\"https:\/\/actu.fr\/auteur\/florian-brassart\" title=\"Consulter tous les articles de Florian Brassart\" rel=\"nofollow noopener\" target=\"_blank\">Florian Brassart<\/a><br \/>\n                    <\/strong><\/p>\n<p>        Publi\u00e9 le<\/p>\n<p>            18 nov. 2025 \u00e0 6h12        <\/p>\n<p>\u00c7a avance vite et fort au bord de la <b>RN47 entre Lens et Lille<\/b> ! Depuis plusieurs mois, <b>des travaux sont en cours au sein du Parc des industries Artois-Flandres<\/b>\u00a0\u00e0 <a href=\"https:\/\/actu.fr\/hauts-de-france\/douvrin_62276\" rel=\"nofollow noopener\" target=\"_blank\">Douvrin<\/a> dans le <a href=\"https:\/\/actu.fr\/pas-de-calais\/\" rel=\"nofollow noopener\" target=\"_blank\">Pas-de-Calais<\/a>. Un p\u00f4le de vie, dit \u00ab\u00a0<b>Motylus<\/b>\u00ab\u00a0, est en train de s\u2019\u00e9lever pr\u00e8s de l\u2019\u00e9tang et sera livr\u00e9 au printemps 2026.\u00a0<\/p>\n<p>Encore 6 mois de travaux \u00e0 Douvrin<\/p>\n<p class=\" wall-content\">Le Parc des industries Artois-Flandres est n\u00e9 en 1967 de la volont\u00e9 ambitieuse des \u00e9lus de 20 communes de cr\u00e9er un territoire d\u2019accueil des industries. Il est donc g\u00e9r\u00e9 par le SIZIAF, Syndicat mixte du Parc des industries, qui r\u00e9unit deux communaut\u00e9s d\u2019agglom\u00e9ration (Lens-Li\u00e9vin et celle de B\u00e9thune-Bruay, Artois Lys Romane) et qui est dirig\u00e9 par Johanne Vitse. Le parc s\u2019\u00e9tend sur 460 hectares, accueille 106 entreprises et 6000 salari\u00e9s.\u00a0<\/p>\n<p>    <img   decoding=\"async\" loading=\"lazy\" class=\"size-large\" src=\"https:\/\/www.europesays.com\/fr\/wp-content\/uploads\/2025\/11\/826a99a94b196f8ad99a94b19ecbd9v-960x640.jpg\" alt=\"Le projet est en construction au coeur du Parc des industries Artois-Flandres de Douvrin, \u00e0 deux pas de la gigafactory ACC.\" width=\"960\" height=\"640\"\/><br \/>\n    Le projet est en construction au coeur du Parc des industries Artois-Flandres de Douvrin, \u00e0 deux pas de la gigafactory ACC. \u00a9Florian Brassart\/Actu Pas-de-Calais<\/p>\n<p class=\" wall-content\">Le SIZIAF, ma\u00eetre d\u2019ouvrage de ce <b>futur p\u00f4le de vie de 1000 m2<\/b>, est \u00ab\u00a0convaincu que le d\u00e9veloppement et le maintien de l\u2019industrie ne peuvent avoir lieu que dans un cadre environnemental prot\u00e9g\u00e9 et valoris\u00e9\u00a0\u00bb, est-il soulign\u00e9. La construction de \u00ab\u00a0Motylus\u00a0\u00bb, d\u00e9finit comme \u00ab\u00a0un nouveau lieu de travail, de lien et de respiration, mais aussi un b\u00e2timent sobre, r\u00e9silient et \u00e9cologiquement exemplaire\u00a0\u00bb, va dans ce sens. Ce lundi 17 novembre 2025, une visite de chantier \u00e9tait organis\u00e9 sur place, \u00e0 quelques pas de <a href=\"https:\/\/actu.fr\/hauts-de-france\/douvrin_62276\/en-images-plongez-dans-les-coulisses-de-la-gigantesque-usine-de-batteries-electriques-a-douvrin_59664781.html\" rel=\"nofollow noopener\" target=\"_blank\">la gigafactory ACC<\/a>, pour faire un point \u00e0 mi-\u00e9tape.\u00a0<\/p>\n<p>    <img   decoding=\"async\" loading=\"lazy\" class=\"size-large\" src=\"https:\/\/www.europesays.com\/fr\/wp-content\/uploads\/2025\/11\/b31208394b196b71208394b198b120v-960x640.jpg\" alt=\"Motylus sera une v\u00e9ritable cabane construite \u00e0 partir de mat\u00e9riaux biosourc\u00e9s, de rev\u00eatements perm\u00e9ables, \u00e9quip\u00e9 d'un chauffage performant, le tout dans une d\u00e9marche low tech.\" width=\"960\" height=\"640\"\/><br \/>\n    Motylus sera une v\u00e9ritable cabane construite \u00e0 partir de mat\u00e9riaux biosourc\u00e9s, de rev\u00eatements perm\u00e9ables, \u00e9quip\u00e9 d\u2019un chauffage performant, le tout dans une d\u00e9marche low tech. \u00a9Florian Brassart\/Actu Pas-de-Calais<\/p>\n<p class=\" wall-content\">\u00ab\u00a0Motylus\u00a0\u00bb est en train de sortir de terre \u00e0 la place d\u2019anciens terrains qui appartenaient \u00e0 la Fran\u00e7aise de M\u00e9canique. \u00ab\u00a0Des hectares ont \u00e9t\u00e9 lib\u00e9r\u00e9s et revendus au secteur public. Le site a \u00e9t\u00e9 achet\u00e9 en 2019 et on a d\u00e9construit les b\u00e2timents qui existaient\u00a0\u00bb, pr\u00e9cise Johanne Vitse. Les terrains restants ont \u00e9t\u00e9 rachet\u00e9s deux ans plus tard, en 2021, pour cr\u00e9er un p\u00f4le de vie pour les salari\u00e9s avec des \u00e9quipement sportifs et de loisirs.<\/p>\n<p class=\" wall-content\">Le b\u00e2timent de 1\u2009000\u00a0m2, construit en bois et qui \u00ab\u00a0s\u2019int\u00e8gre compl\u00e8tement \u00e0 l\u2019environnement et qui va se fondre dans une v\u00e9g\u00e9tation qui sera replant\u00e9e apr\u00e8s les travaux\u00a0\u00bb, va accueillir au premier \u00e9tage les futurs locaux du SIZIAF. Le rez-de-chauss\u00e9e, lui, proposera une large gamme d\u2019espaces ouverts tels des salles de r\u00e9union modulables, des bureaux partag\u00e9s ou du coworking. \u00c0 l\u2019ext\u00e9rieur, les visiteurs profiteront d\u2019espaces d\u00e9di\u00e9s \u00e0 la restauration (food-trucks et stands culinaires) et d\u2019un cadre apais\u00e9, tourn\u00e9 vers la nature\u2009: terrasse, parcours sportif, \u00e9tang r\u00e9habilit\u00e9, cheminements paysagers\u2026 \u00ab\u00a0Ces am\u00e9nagements, nous les menons en m\u00eame temps que la construction du b\u00e2timent.\u00a0\u00bb\u00a0<\/p>\n<p>Votre r\u00e9gion, votre actu !<\/p>\n<p>Recevez chaque jour les infos qui comptent pour vous.<\/p>\n<p>\t<a href=\"https:\/\/actu.fr\/newsletter\" class=\"ac-btn ac-btn--corner ac-btn--medium ac-btn--blue800\" rel=\"nofollow noopener\" target=\"_blank\">S&rsquo;incrire<\/a><br \/>\nUn b\u00e2timent construit avec des mat\u00e9riaux biosourc\u00e9s\u00a0<\/p>\n<p class=\" wall-content\">Le projet est aujourd\u2019hui \u00e0 mi-chemin. \u00ab\u00a0Cela fait six mois qu\u2019on a d\u00e9marr\u00e9. On attend la fin de la r\u00e9alisation pour avril avec un d\u00e9m\u00e9nagement pr\u00e9vu au mois de mai.\u00a0\u00bb La directrice du SIZIAF est satisfaite de l\u2019avanc\u00e9e des travaux. \u00ab\u00a0On peut voir la structure m\u00eame du b\u00e2timent qui est con\u00e7u avec des normes environnementales tr\u00e8s \u00e9lev\u00e9es.\u00a0 On voit bien l\u2019ossature bois, les menuiseries, le bardage\u2026 C\u2019est ce qu\u2019on voulait montrer aujourd\u2019hui.\u00a0\u00bb Le SIZIAF veut donner un esprit \u00ab\u00a0petit village\u00a0\u00bb \u00e0 Motylus en cr\u00e9ant des pavillons bien d\u00e9finis pour chaque service.<\/p>\n<p class=\" wall-content\">Six mois de travaux sont encore n\u00e9cessaires avant de pouvoir admirer le p\u00f4le de vie douvrinois. Les prochaines \u00e9tapes seront charni\u00e8res avec, cet hiver, l\u2019installation du chauffage, de la ventilation et l\u2019am\u00e9nagement int\u00e9rieur puis en mars pour la fin du second oeuvre et les finitions avant livraison. Un sacr\u00e9 projet dans les temps !\u00a0<\/p>\n<p class=\" wall-content\">Personnalisez votre actualit\u00e9 en ajoutant vos villes et m\u00e9dias en favori avec <a href=\"https:\/\/moncompte.actu.fr\" title=\"D\u00e9couvez Mon Actu\" rel=\"nofollow noopener\" data-trk=\"{&quot;cta&quot;:{&quot;action&quot;:&quot;https:\\\/\\\/moncompte.actu.fr&quot;,&quot;category&quot;:&quot;mon compte&quot;,&quot;from&quot;:&quot;article footer&quot;,&quot;name&quot;:&quot;Mon actu&quot;,&quot;type&quot;:&quot;cta&quot;}}\" target=\"_blank\">Mon Actu<\/a>.<\/p>\n","protected":false},"excerpt":{"rendered":"Par Florian Brassart Publi\u00e9 le 18 nov. 2025 \u00e0 6h12 \u00c7a avance vite et fort au bord de&hellip;\n","protected":false},"author":2,"featured_media":541828,"comment_status":"","ping_status":"","sticky":false,"template":"","format":"standard","meta":{"footnotes":""},"categories":[2815],"tags":[1111,11,1777,674,1011,27,811,1307,12,25,104,2086],"class_list":{"0":"post-541827","1":"post","2":"type-post","3":"status-publish","4":"format-standard","5":"has-post-thumbnail","7":"category-lille","8":"tag-actu","9":"tag-actualites","10":"tag-eu","11":"tag-europe","12":"tag-fr","13":"tag-france","14":"tag-hauts-de-france","15":"tag-lille","16":"tag-news","17":"tag-republique-francaise","18":"tag-societe","19":"tag-travaux"},"share_on_mastodon":{"url":"https:\/\/pubeurope.com\/@fr\/115569077932076529","error":""},"_links":{"self":[{"href":"https:\/\/www.europesays.com\/fr\/wp-json\/wp\/v2\/posts\/541827","targetHints":{"allow":["GET"]}}],"collection":[{"href":"https:\/\/www.europesays.com\/fr\/wp-json\/wp\/v2\/posts"}],"about":[{"href":"https:\/\/www.europesays.com\/fr\/wp-json\/wp\/v2\/types\/post"}],"author":[{"embeddable":true,"href":"https:\/\/www.europesays.com\/fr\/wp-json\/wp\/v2\/users\/2"}],"replies":[{"embeddable":true,"href":"https:\/\/www.europesays.com\/fr\/wp-json\/wp\/v2\/comments?post=541827"}],"version-history":[{"count":0,"href":"https:\/\/www.europesays.com\/fr\/wp-json\/wp\/v2\/posts\/541827\/revisions"}],"wp:featuredmedia":[{"embeddable":true,"href":"https:\/\/www.europesays.com\/fr\/wp-json\/wp\/v2\/media\/541828"}],"wp:attachment":[{"href":"https:\/\/www.europesays.com\/fr\/wp-json\/wp\/v2\/media?parent=541827"}],"wp:term":[{"taxonomy":"category","embeddable":true,"href":"https:\/\/www.europesays.com\/fr\/wp-json\/wp\/v2\/categories?post=541827"},{"taxonomy":"post_tag","embeddable":true,"href":"https:\/\/www.europesays.com\/fr\/wp-json\/wp\/v2\/tags?post=541827"}],"curies":[{"name":"wp","href":"https:\/\/api.w.org\/{rel}","templated":true}]}}