{"id":541829,"date":"2025-11-18T05:35:13","date_gmt":"2025-11-18T05:35:13","guid":{"rendered":"https:\/\/www.europesays.com\/fr\/541829\/"},"modified":"2025-11-18T05:35:13","modified_gmt":"2025-11-18T05:35:13","slug":"dans-la-boite-noire-deuromediterranee-loperation-qui-fabrique-la-ville-nouvelle","status":"publish","type":"post","link":"https:\/\/www.europesays.com\/fr\/541829\/","title":{"rendered":"Dans la bo\u00eete noire d&rsquo;Eurom\u00e9diterran\u00e9e, l&rsquo;op\u00e9ration qui fabrique la ville nouvelle"},"content":{"rendered":"<p>\t    Dans la bo\u00eete noire d&rsquo;Eurom\u00e9diterran\u00e9e, l&rsquo;op\u00e9ration qui fabrique la ville nouvelle &#8211; Marsactu<\/p>\n<p>&#13;<br \/>\n\t\t&#13;<\/p>\n<p>Nous utilisons des cookies pour vous garantir la meilleure exp\u00e9rience sur notre site. Vous pouvez choisir de refuser les cookies.J&rsquo;accepteNonEn savoir plus<\/p>\n<p>\t\t&#13;<\/p>\n","protected":false},"excerpt":{"rendered":"Dans la bo\u00eete noire d&rsquo;Eurom\u00e9diterran\u00e9e, l&rsquo;op\u00e9ration qui fabrique la ville nouvelle &#8211; Marsactu &#13; &#13; Nous utilisons des&hellip;\n","protected":false},"author":2,"featured_media":541830,"comment_status":"","ping_status":"","sticky":false,"template":"","format":"standard","meta":{"footnotes":""},"categories":[2814],"tags":[1111,11,734,6460,1777,33256,674,1011,27,62158,66008,884,12,882,60673,25,60674,4772],"class_list":{"0":"post-541829","1":"post","2":"type-post","3":"status-publish","4":"format-standard","5":"has-post-thumbnail","7":"category-marseille","8":"tag-actu","9":"tag-actualites","10":"tag-bouygues","11":"tag-eiffage","12":"tag-eu","13":"tag-euromediterranee","14":"tag-europe","15":"tag-fr","16":"tag-france","17":"tag-guillaumekolf","18":"tag-ilotallar","19":"tag-marseille","20":"tag-news","21":"tag-provence-alpes-cote-dazur","22":"tag-quartierchantier","23":"tag-republique-francaise","24":"tag-smartseille","25":"tag-zalu"},"share_on_mastodon":{"url":"https:\/\/pubeurope.com\/@fr\/115569080722065576","error":""},"_links":{"self":[{"href":"https:\/\/www.europesays.com\/fr\/wp-json\/wp\/v2\/posts\/541829","targetHints":{"allow":["GET"]}}],"collection":[{"href":"https:\/\/www.europesays.com\/fr\/wp-json\/wp\/v2\/posts"}],"about":[{"href":"https:\/\/www.europesays.com\/fr\/wp-json\/wp\/v2\/types\/post"}],"author":[{"embeddable":true,"href":"https:\/\/www.europesays.com\/fr\/wp-json\/wp\/v2\/users\/2"}],"replies":[{"embeddable":true,"href":"https:\/\/www.europesays.com\/fr\/wp-json\/wp\/v2\/comments?post=541829"}],"version-history":[{"count":0,"href":"https:\/\/www.europesays.com\/fr\/wp-json\/wp\/v2\/posts\/541829\/revisions"}],"wp:featuredmedia":[{"embeddable":true,"href":"https:\/\/www.europesays.com\/fr\/wp-json\/wp\/v2\/media\/541830"}],"wp:attachment":[{"href":"https:\/\/www.europesays.com\/fr\/wp-json\/wp\/v2\/media?parent=541829"}],"wp:term":[{"taxonomy":"category","embeddable":true,"href":"https:\/\/www.europesays.com\/fr\/wp-json\/wp\/v2\/categories?post=541829"},{"taxonomy":"post_tag","embeddable":true,"href":"https:\/\/www.europesays.com\/fr\/wp-json\/wp\/v2\/tags?post=541829"}],"curies":[{"name":"wp","href":"https:\/\/api.w.org\/{rel}","templated":true}]}}