{"id":541832,"date":"2025-11-18T05:37:16","date_gmt":"2025-11-18T05:37:16","guid":{"rendered":"https:\/\/www.europesays.com\/fr\/541832\/"},"modified":"2025-11-18T05:37:16","modified_gmt":"2025-11-18T05:37:16","slug":"prison-et-lourde-amende-pour-trois-hommes","status":"publish","type":"post","link":"https:\/\/www.europesays.com\/fr\/541832\/","title":{"rendered":"prison et lourde amende pour trois hommes"},"content":{"rendered":"<p>Ils devront payer une amende extr\u00eamement sal\u00e9e. Mais le tribunal de Villefranche-sur-Sa\u00f4ne s\u2019est montr\u00e9 plus cl\u00e9ment que la direction r\u00e9gionale des douanes, qui r\u00e9clamait la somme mirobolante de 832\u00a0480\u00a0euros. Elle correspondait, \u00e0 l\u2019euro pr\u00e8s, \u00e0 la valeur de la marchandise saisie par ses services, le 13\u00a0novembre.<\/p>\n<p>Les faits s\u2019\u00e9taient produits sur l\u2019aire d\u2019autoroute de Drac\u00e9. C\u2019est la derni\u00e8re avant la barri\u00e8re de p\u00e9age d\u2019Arnas, au nord de Villefranche. Ce soir-l\u00e0, vers 23 heures, trois hommes revenaient de r\u00e9gion parisienne au volant de trois fourgons. Les douaniers avaient \u00e9t\u00e9 alert\u00e9s par leur comportement suspect. \u00c0 l\u2019int\u00e9rieur des v\u00e9hicules, ils ont d\u00e9couvert 6486 cartouches de cigarettes de diff\u00e9rentes marques. Soit pr\u00e8s d\u20191,3\u00a0million de cigarettes\u00a0! Cette marchandise de contrebande, repr\u00e9sentant 1,3 tonne de tabac, \u00e9tait r\u00e9partie dans de larges cartons et les paquets portaient la mention \u00ab\u00a0made in Turquie\u00a0\u00bb.<\/p>\n<p>  \u00ab\u00a0Regrets\u00a0\u00bb et \u00ab\u00a0probl\u00e8mes financiers\u00a0\u00bb<\/p>\n<p>\u00c0 la barre du tribunal de Villefranche, ce lundi 17\u00a0novembre, aucun d\u2019entre eux n\u2019a r\u00e9v\u00e9l\u00e9 la provenance exacte de cette cargaison, ni sa destination, et encore moins l\u2019identit\u00e9 des commanditaires. \u00ab\u00a0J\u2019\u00e9tais l\u00e0 en tant que chauffeur, cette livraison devait me rapporter 1000 euros\u00a0\u00bb, a d\u00e9clar\u00e9 cet homme de 28 ans, n\u00e9 en Azerba\u00efdjan et r\u00e9sidant \u00e0 Grenoble.<\/p>\n<p>Les deux autres pr\u00e9venus, deux fr\u00e8res de 36 et 42 ans vivant \u00e0 V\u00e9nissieux, ont exprim\u00e9 leurs \u00ab\u00a0regrets\u00a0\u00bb, invoquant \u00ab\u00a0des probl\u00e8mes financiers\u00a0\u00bb les ayant conduits \u00e0 accepter ce convoi ill\u00e9gal. Mais selon l\u2019analyse de leur t\u00e9l\u00e9phone, ils avaient d\u00e9j\u00e0 fait le m\u00eame type de trajet les mois pr\u00e9c\u00e9dents. \u00ab\u00a0Depuis le d\u00e9c\u00e8s de notre fr\u00e8re, assassin\u00e9 sous mes yeux en d\u00e9but d\u2019ann\u00e9e, c\u2019est la catastrophe dans ma vie\u00a0\u00bb, s\u2019est d\u00e9fendu cet habitant de V\u00e9nissieux.<\/p>\n<p>  240\u00a0000\u00a0euros d\u2019amende<\/p>\n<p>\u00ab\u00a0Le trafic de tabac prend une ampleur consid\u00e9rable et inonde la plaque lyonnaise\u00a0\u00bb, a rappel\u00e9 la procureure Laetitia Francart, ajoutant <a href=\"https:\/\/www.leprogres.fr\/faits-divers-justice\/2025\/11\/12\/trafic-de-cigarettes-un-chargement-d-une-valeur-de-plus-de-500-000-euros-saisi-au-sud-de-lyon\" target=\"_blank\" rel=\"noopener\">qu\u2019une autre importante saisie de cigarettes de contrebande avait eu lieu au p\u00e9age de Condrieu<\/a>, le 11\u00a0novembre. Les avocats des pr\u00e9venus ont regrett\u00e9 \u00ab\u00a0le montant exorbitant\u00a0\u00bb demand\u00e9 par les douanes. \u00ab\u00a0Si vous le condamnez \u00e0 payer une telle somme, vous lui mettez la t\u00eate au fond de la rivi\u00e8re\u00a0\u00bb, a plaid\u00e9 l\u2019un des conseils.<\/p>\n<p>Le tribunal a finalement condamn\u00e9 les trois hommes \u00e0 la m\u00eame peine\u00a0: 12 mois de prison dont 4 mois avec sursis simple. Ils pourront effectuer la partie ferme sous bracelet \u00e9lectronique. Et ils devront se partager \u00e0 trois le r\u00e8glement d\u2019une amende de 240\u00a0000\u00a0euros.<\/p>\n","protected":false},"excerpt":{"rendered":"Ils devront payer une amende extr\u00eamement sal\u00e9e. Mais le tribunal de Villefranche-sur-Sa\u00f4ne s\u2019est montr\u00e9 plus cl\u00e9ment que la&hellip;\n","protected":false},"author":2,"featured_media":541833,"comment_status":"","ping_status":"","sticky":false,"template":"","format":"standard","meta":{"footnotes":""},"categories":[1889],"tags":[1111,11,2430,53132,271,272,39834,3152,3156,1777,674,274,107,1011,27,2428,12,25,2429],"class_list":{"0":"post-541832","1":"post","2":"type-post","3":"status-publish","4":"format-standard","5":"has-post-thumbnail","7":"category-lyon","8":"tag-actu","9":"tag-actualites","10":"tag-auvergne-rhone-alpes","11":"tag-belleville-bassin","12":"tag-crime","13":"tag-delit-et-contravention","14":"tag-drace","15":"tag-edition-est-lyonnais","16":"tag-edition-villefranche","17":"tag-eu","18":"tag-europe","19":"tag-faits-divers-justice","20":"tag-fil-info","21":"tag-fr","22":"tag-france","23":"tag-lyon","24":"tag-news","25":"tag-republique-francaise","26":"tag-rhone"},"share_on_mastodon":{"url":"https:\/\/pubeurope.com\/@fr\/115569088476545153","error":""},"_links":{"self":[{"href":"https:\/\/www.europesays.com\/fr\/wp-json\/wp\/v2\/posts\/541832","targetHints":{"allow":["GET"]}}],"collection":[{"href":"https:\/\/www.europesays.com\/fr\/wp-json\/wp\/v2\/posts"}],"about":[{"href":"https:\/\/www.europesays.com\/fr\/wp-json\/wp\/v2\/types\/post"}],"author":[{"embeddable":true,"href":"https:\/\/www.europesays.com\/fr\/wp-json\/wp\/v2\/users\/2"}],"replies":[{"embeddable":true,"href":"https:\/\/www.europesays.com\/fr\/wp-json\/wp\/v2\/comments?post=541832"}],"version-history":[{"count":0,"href":"https:\/\/www.europesays.com\/fr\/wp-json\/wp\/v2\/posts\/541832\/revisions"}],"wp:featuredmedia":[{"embeddable":true,"href":"https:\/\/www.europesays.com\/fr\/wp-json\/wp\/v2\/media\/541833"}],"wp:attachment":[{"href":"https:\/\/www.europesays.com\/fr\/wp-json\/wp\/v2\/media?parent=541832"}],"wp:term":[{"taxonomy":"category","embeddable":true,"href":"https:\/\/www.europesays.com\/fr\/wp-json\/wp\/v2\/categories?post=541832"},{"taxonomy":"post_tag","embeddable":true,"href":"https:\/\/www.europesays.com\/fr\/wp-json\/wp\/v2\/tags?post=541832"}],"curies":[{"name":"wp","href":"https:\/\/api.w.org\/{rel}","templated":true}]}}