{"id":541834,"date":"2025-11-18T05:39:15","date_gmt":"2025-11-18T05:39:15","guid":{"rendered":"https:\/\/www.europesays.com\/fr\/541834\/"},"modified":"2025-11-18T05:39:15","modified_gmt":"2025-11-18T05:39:15","slug":"ce-que-la-reforme-de-la-loi-plm-va-changer-a-paris-lyon-et-marseille","status":"publish","type":"post","link":"https:\/\/www.europesays.com\/fr\/541834\/","title":{"rendered":"Ce que la r\u00e9forme de la \u00ab loi PLM \u00bb va changer \u00e0 Paris, Lyon et Marseille"},"content":{"rendered":"<p>Les r\u00e8gles du jeu vont changer \u00e0 Paris, Lyon et <a href=\"https:\/\/www.latribune.fr\/la-tribune-dimanche\/politique\/j-ai-fait-le-plus-gros-boulot-a-marseille-michele-rubirola-continue-d-oeuvrer-dans-l-ombre-1030766.html\" target=\"_blank\" rel=\"noopener\">Marseille<\/a> pour les <a href=\"https:\/\/www.latribune.fr\/municipales-2026-1232\" target=\"_blank\" rel=\"noopener\">\u00e9lections municipales de mars 2026<\/a>. Depuis la loi dite \u00ab\u202fPLM\u202f\u00bb de 1982, les \u00e9lecteurs parisiens, lyonnais et marseillais votent par arrondissement ou par secteur, et non \u00e0 l&rsquo;\u00e9chelle de la ville, comme c&rsquo;est le cas dans les autres communes. Et ce sont seulement une partie des conseillers municipaux ainsi \u00e9lus qui \u00e9lisent le maire.<\/p>\n<p>Avec le nouveau syst\u00e8me, Parisiens, Marseillais et Lyonnais devront glisser un bulletin dans deux urnes le jour du scrutin\u2009: l&rsquo;une pour les conseillers d&rsquo;arrondissements, l&rsquo;autre pour les conseillers municipaux qui \u00e9liront le maire.<\/p>\n<p>\u00c0 <a href=\"https:\/\/www.latribune.fr\/article\/la-tribune-dimanche\/la-tribune-dimanche\/municipales\/12170315943554\/distance-dans-les-sondages-par-jean-michel-aulas-gregory-doucet-precipite-son-entree-en-campagne\" target=\"_blank\" rel=\"noopener\">Lyon<\/a>, un troisi\u00e8me vote aura lieu pour les conseillers m\u00e9tropolitains. Valid\u00e9e par le Conseil constitutionnel apr\u00e8s d\u2019\u00e2pres d\u00e9bats au S\u00e9nat, la loi du 11\u202fao\u00fbt 2025 avait \u00e9t\u00e9 tr\u00e8s critiqu\u00e9e. Ses opposants ont d\u00e9nonc\u00e9 les arri\u00e8re-pens\u00e9es politiciennes du camp macroniste, dans la capitale en particulier, pour renverser l&rsquo;actuelle majorit\u00e9 municipale rassemblant socialistes, \u00e9cologistes et communistes.<\/p>\n","protected":false},"excerpt":{"rendered":"Les r\u00e8gles du jeu vont changer \u00e0 Paris, Lyon et Marseille pour les \u00e9lections municipales de mars 2026.&hellip;\n","protected":false},"author":2,"featured_media":541835,"comment_status":"","ping_status":"","sticky":false,"template":"","format":"standard","meta":{"footnotes":""},"categories":[1889],"tags":[17,1111,11,2430,17488,13410,1777,674,1011,27,3102,420,2428,884,12,626,5530,4190,25],"class_list":{"0":"post-541834","1":"post","2":"type-post","3":"status-publish","4":"format-standard","5":"has-post-thumbnail","7":"category-lyon","8":"tag-17","9":"tag-actu","10":"tag-actualites","11":"tag-auvergne-rhone-alpes","12":"tag-ce","13":"tag-changer","14":"tag-eu","15":"tag-europe","16":"tag-fr","17":"tag-france","18":"tag-la-tribune-dimanche","19":"tag-loi","20":"tag-lyon","21":"tag-marseille","22":"tag-news","23":"tag-paris","24":"tag-plm","25":"tag-reforme","26":"tag-republique-francaise"},"share_on_mastodon":{"url":"https:\/\/pubeurope.com\/@fr\/115569096369053352","error":""},"_links":{"self":[{"href":"https:\/\/www.europesays.com\/fr\/wp-json\/wp\/v2\/posts\/541834","targetHints":{"allow":["GET"]}}],"collection":[{"href":"https:\/\/www.europesays.com\/fr\/wp-json\/wp\/v2\/posts"}],"about":[{"href":"https:\/\/www.europesays.com\/fr\/wp-json\/wp\/v2\/types\/post"}],"author":[{"embeddable":true,"href":"https:\/\/www.europesays.com\/fr\/wp-json\/wp\/v2\/users\/2"}],"replies":[{"embeddable":true,"href":"https:\/\/www.europesays.com\/fr\/wp-json\/wp\/v2\/comments?post=541834"}],"version-history":[{"count":0,"href":"https:\/\/www.europesays.com\/fr\/wp-json\/wp\/v2\/posts\/541834\/revisions"}],"wp:featuredmedia":[{"embeddable":true,"href":"https:\/\/www.europesays.com\/fr\/wp-json\/wp\/v2\/media\/541835"}],"wp:attachment":[{"href":"https:\/\/www.europesays.com\/fr\/wp-json\/wp\/v2\/media?parent=541834"}],"wp:term":[{"taxonomy":"category","embeddable":true,"href":"https:\/\/www.europesays.com\/fr\/wp-json\/wp\/v2\/categories?post=541834"},{"taxonomy":"post_tag","embeddable":true,"href":"https:\/\/www.europesays.com\/fr\/wp-json\/wp\/v2\/tags?post=541834"}],"curies":[{"name":"wp","href":"https:\/\/api.w.org\/{rel}","templated":true}]}}