{"id":541839,"date":"2025-11-18T05:47:15","date_gmt":"2025-11-18T05:47:15","guid":{"rendered":"https:\/\/www.europesays.com\/fr\/541839\/"},"modified":"2025-11-18T05:47:15","modified_gmt":"2025-11-18T05:47:15","slug":"la-mairie-du-xxe-arrondissement-a-accueilli-pour-la-nuit-des-migrants-dans-sa-salle-de-reception","status":"publish","type":"post","link":"https:\/\/www.europesays.com\/fr\/541839\/","title":{"rendered":"la mairie du XXe arrondissement a accueilli pour la nuit des migrants dans sa salle de r\u00e9ception"},"content":{"rendered":"<p>\n    Environ 200 sans-abri dormaient sur le parvis de la mairie depuis plusieurs jours. La mairie leur a finalement accord\u00e9 la possibilit\u00e9 de passer la nuit dans l\u2019enceinte du b\u00e2timent.<\/p>\n<p class=\"fig-paragraph\">Des dizaines de sacs de couchage install\u00e9s \u00e0 m\u00eame le sol ou sur un tapis de sol sous les lustres et les dorures d\u2019une salle de r\u00e9ception parisienne. Dans la nuit du 16 au 17 novembre 2025, la mairie du XXe arrondissement a ouvert ses portes aux dizaines de sans-abri qui campaient sur son parvis depuis plusieurs jours, a indiqu\u00e9 l\u2019association\u00a0<a href=\"http:\/\/www.lefigaro.fr\/international\/traversee-de-la-manche-utopia-56-denonce-les-consequences-de-la-securisation-de-la-frontiere-franco-britannique-20250305\" data-fig-type=\"NewsFlash\" data-gtm-custom-categorie=\"navigation\" data-gtm-custom-action=\"crossclick\" data-gtm-custom-label=\"Contextuel\" data-gtm-event=\"customEventSPE\" data-fig-domain=\"LEFIGARO\" rel=\"nofollow noopener\" target=\"_blank\">Utopia 56<\/a>\u00a0sur ses stories (publications \u00e9ph\u00e9m\u00e8res, NDLR) Instagram ce mercredi matin.<\/p>\n<p class=\"fig-paragraph\">\u00abLa mairie du 20e et la mairie centrale ont pris cette d\u00e9cision suite aux nombreux retours m\u00e9dicaux dramatiques et catastrophiques [et pour] \u00e9viter un drame\u00bb, mart\u00e8le l\u2019association pro immigration dans un post sur le r\u00e9seau social. Ces sans-abri, majoritairement des familles en situation irr\u00e9guli\u00e8re, sont cens\u00e9es d\u00e9sormais \u00eatre redirig\u00e9s vers un gymnase, indique encore l\u2019association.<\/p>\n<p>    Envrion 200 personnes campaient sur le parvis de la mairie depuis mercredi soir.<br \/>\n                Capture d\u2019\u00e9cran Instagram<\/p>\n<p>                                    <a class=\"fig-a11y-skip a11y-hidden\" href=\"#fig-a11y-skip-main-inarticle\"><br \/>\n        Passer la publicit\u00e9<br \/>\n    <\/a><\/p>\n<p class=\"fig-paragraph\">Entre 150 et 200 personnes dormaient devant la mairie du XXe arrondissement ces derniers jours. \u00abCes derni\u00e8res semaines, jusqu\u2019\u00e0 205 personnes sans abri se sont pr\u00e9sent\u00e9es chaque soir \u00e0 notre permanence de mise \u00e0 l\u2019abri\u00bb, expliquait \u00e0 ce propos la branche parisienne d\u2019Utopia 56 sur son compte Instagram. D\u00e9bord\u00e9e par l\u2019afflux, la mairie avait d\u00fb installer un campement de fortune devant la mairie du XXe arrondissement.<\/p>\n<p class=\"fig-paragraph\">Le groupement comptait \u00abdes femmes enceintes, des personnes \u00e2g\u00e9es, une quinzaine de jeunes filles isol\u00e9es, une centaine d\u2019enfants dont une vingtaine de b\u00e9b\u00e9s et de nourrissons\u00bb, indique encore l\u2019association sur son compte. Cette derni\u00e8re, qui multiplie les posts \u00e0 ce sujet depuis plusieurs jours, remercie l\u2019aide qu\u2019apportent les commer\u00e7ants aux sans-abri mais aussi \u00abla mairie du 20e qui fait ce qu\u2019elle peut \u00e0 son \u00e9chelle\u00bb. Contact\u00e9e, cette derni\u00e8re n\u2019a pas r\u00e9pondu pour l\u2019heure aux sollicitations du Figaro.\u00a0<\/p>\n<p>\u00abAucun seuil, ni plafond de limite\u00bb<\/p>\n<p class=\"fig-paragraph\">Malgr\u00e9 les 120 000 places \u00e0 disposition en \u00cele-de-France, l\u2019h\u00e9bergement d\u2019urgence y est satur\u00e9 depuis plusieurs ann\u00e9es. Pour y faire face, plus d\u2019un tiers des b\u00e9n\u00e9ficiaires (45 000) de l\u2019h\u00e9bergement d\u2019urgence en \u00cele-de-France sont log\u00e9s dans des h\u00f4tels, selon les chiffres d\u00e9voil\u00e9s mi-novembre par\u00a0<a href=\"https:\/\/www.liberation.fr\/societe\/logement\/lhotellerie-en-region-parisienne-une-solution-faute-de-mieux-face-a-lengorgement-de-lhebergement-durgence-20251110_CEBRQ2OEIBA3PDM2C6POIYY4OM\/\" target=\"_blank\" rel=\"sponsored noopener nofollow\" data-gtm-custom-categorie=\"navigation\" data-gtm-custom-action=\"crossclick\" data-gtm-custom-label=\"Contextuel\" data-gtm-event=\"customEventSPE\">le quotidien Lib\u00e9ration<\/a> .<\/p>\n<p class=\"fig-paragraph\">Concr\u00e8tement, le Samu social noue, via des march\u00e9s publics, des partenariats avec des \u00e9tablissements h\u00f4teliers. 10.000 places suppl\u00e9mentaires ont \u00e9t\u00e9 ouvertes dans le secteur au cours des dix derni\u00e8res ann\u00e9es. \u00abCertains h\u00f4tels ne font que \u00e7a\u00a0: il n\u2019y a aucun seuil, ni plafond qui les limite\u00bb,\u00a0pr\u00e9cisait aupr\u00e8s du quotidien Vanessa Beno\u00eet, directrice g\u00e9n\u00e9rale du Samu social de Paris.<\/p>\n<p class=\"fig-paragraph\">Le journal indique que le co\u00fbt moyen d\u2019une nuit\u00e9e dans les centres d\u2019h\u00e9bergement d\u2019urgence (pay\u00e9 par le Samu Social) est de 40\u20ac par personne, contre environ 20\u20ac \u00e0 l\u2019h\u00f4tel. Or, \u00abbien que cette solution doive \u00eatre consid\u00e9r\u00e9e comme temporaire, les personnes log\u00e9es en h\u00f4tel par le Samu social y restent, en moyenne, 1 365 jours, soit 3 ans et 7 mois, faute de places en CHU ou autres structures d\u2019h\u00e9bergement\u00bb, indique le journal.<\/p>\n","protected":false},"excerpt":{"rendered":"Environ 200 sans-abri dormaient sur le parvis de la mairie depuis plusieurs jours. La mairie leur a finalement&hellip;\n","protected":false},"author":2,"featured_media":541840,"comment_status":"","ping_status":"","sticky":false,"template":"","format":"standard","meta":{"footnotes":""},"categories":[1888],"tags":[1111,1928,11,1927,1777,674,1011,27,10090,12,1926,626,1925,25],"class_list":{"0":"post-541839","1":"post","2":"type-post","3":"status-publish","4":"format-standard","5":"has-post-thumbnail","7":"category-paris","8":"tag-actu","9":"tag-actu-paris","10":"tag-actualites","11":"tag-actualites-paris","12":"tag-eu","13":"tag-europe","14":"tag-fr","15":"tag-france","16":"tag-migrations","17":"tag-news","18":"tag-news-paris","19":"tag-paris","20":"tag-paris-news","21":"tag-republique-francaise"},"share_on_mastodon":{"url":"https:\/\/pubeurope.com\/@fr\/115569128040213282","error":""},"_links":{"self":[{"href":"https:\/\/www.europesays.com\/fr\/wp-json\/wp\/v2\/posts\/541839","targetHints":{"allow":["GET"]}}],"collection":[{"href":"https:\/\/www.europesays.com\/fr\/wp-json\/wp\/v2\/posts"}],"about":[{"href":"https:\/\/www.europesays.com\/fr\/wp-json\/wp\/v2\/types\/post"}],"author":[{"embeddable":true,"href":"https:\/\/www.europesays.com\/fr\/wp-json\/wp\/v2\/users\/2"}],"replies":[{"embeddable":true,"href":"https:\/\/www.europesays.com\/fr\/wp-json\/wp\/v2\/comments?post=541839"}],"version-history":[{"count":0,"href":"https:\/\/www.europesays.com\/fr\/wp-json\/wp\/v2\/posts\/541839\/revisions"}],"wp:featuredmedia":[{"embeddable":true,"href":"https:\/\/www.europesays.com\/fr\/wp-json\/wp\/v2\/media\/541840"}],"wp:attachment":[{"href":"https:\/\/www.europesays.com\/fr\/wp-json\/wp\/v2\/media?parent=541839"}],"wp:term":[{"taxonomy":"category","embeddable":true,"href":"https:\/\/www.europesays.com\/fr\/wp-json\/wp\/v2\/categories?post=541839"},{"taxonomy":"post_tag","embeddable":true,"href":"https:\/\/www.europesays.com\/fr\/wp-json\/wp\/v2\/tags?post=541839"}],"curies":[{"name":"wp","href":"https:\/\/api.w.org\/{rel}","templated":true}]}}