{"id":541845,"date":"2025-11-18T05:50:13","date_gmt":"2025-11-18T05:50:13","guid":{"rendered":"https:\/\/www.europesays.com\/fr\/541845\/"},"modified":"2025-11-18T05:50:13","modified_gmt":"2025-11-18T05:50:13","slug":"une-attaque-de-missile-russe-tue-une-adolescente-dans-la-region-de-kharkiv-2","status":"publish","type":"post","link":"https:\/\/www.europesays.com\/fr\/541845\/","title":{"rendered":"Une attaque de missile russe tue une adolescente dans la r\u00e9gion de Kharkiv\u2026"},"content":{"rendered":"<p>Une attaque de missile russe tue une adolescente dans l\u2019est de l\u2019Ukraine<\/p>\n<p>Une attaque de missile russe a tu\u00e9 une adolescente et fait au moins neuf bless\u00e9s dans la r\u00e9gion de Kharkiv, dans l\u2019est de l\u2019Ukraine, ont annonc\u00e9 les autorit\u00e9s locales t\u00f4t ce mardi.<\/p>\n<p>\u00ab\u00a0L\u2019ennemi a lanc\u00e9 des attaques de missile sur la ville de Berestyn\u00a0\u00bb et \u00ab\u00a0une fille de 17 ans qui avait \u00e9t\u00e9 gri\u00e8vement bless\u00e9e [\u2026] est morte \u00e0 l\u2019h\u00f4pital\u00a0\u00bb, a \u00e9crit le gouverneur r\u00e9gional Oleg Synegoubov sur Telegram. \u00ab\u00a0Il y a \u00e0 l\u2019heure actuelle neuf bless\u00e9s recens\u00e9s, dont sept sont hospitalis\u00e9s\u00a0\u00bb, a-t-il ajout\u00e9.<\/p>\n<p>La Russie affirme avancer<\/p>\n<p>Sur le front, Moscou a revendiqu\u00e9 lundi la prise de trois nouveaux villages de l\u2019Est ukrainien, notamment dans les r\u00e9gions de Kharkiv et Dnipropetrovsk, ce que l\u2019AFP n\u2019a toutefois pas \u00e9t\u00e9 en mesure de confirmer.<\/p>\n<p>Bienvenue dans ce nouveau Live<\/p>\n<p>Bonjour \u00e0 toutes et \u00e0 tous. Comme chaque jour, la r\u00e9daction de 20 Minutes est mobilis\u00e9e pour vous donner l\u2019ensemble des informations sur le conflit entre Moscou et Kiev.<\/p>\n<p>La Russie multiplie depuis des semaines les bombardements sur les infrastructures \u00e9nerg\u00e9tiques et le r\u00e9seau ferroviaire ukrainiens, sur fond de baisse des temp\u00e9ratures \u00e0 l\u2019approche de l\u2019hiver. Kiev vise de son c\u00f4t\u00e9 r\u00e9guli\u00e8rement des d\u00e9p\u00f4ts et raffineries de p\u00e9trole et d\u2019autres installations en Russie.<\/p>\n","protected":false},"excerpt":{"rendered":"Une attaque de missile russe tue une adolescente dans l\u2019est de l\u2019Ukraine Une attaque de missile russe a&hellip;\n","protected":false},"author":2,"featured_media":541846,"comment_status":"","ping_status":"","sticky":false,"template":"","format":"standard","meta":{"footnotes":""},"categories":[1591],"tags":[47,11,75,73,1887,131,74,12,1885,1886,132,555,133,135,134],"class_list":{"0":"post-541845","1":"post","2":"type-post","3":"status-publish","4":"format-standard","5":"has-post-thumbnail","7":"category-russie","8":"tag-actualite","9":"tag-actualites","10":"tag-donald-trump","11":"tag-etats-unis","12":"tag-federation-de-russie","13":"tag-guerre-en-ukraine","14":"tag-monde","15":"tag-news","16":"tag-russia","17":"tag-russian-federation","18":"tag-russie","19":"tag-union-europeenne-ue","20":"tag-video","21":"tag-vladimir-poutine","22":"tag-volodymyr-zelensky"},"share_on_mastodon":{"url":"https:\/\/pubeurope.com\/@fr\/115569139663327891","error":""},"_links":{"self":[{"href":"https:\/\/www.europesays.com\/fr\/wp-json\/wp\/v2\/posts\/541845","targetHints":{"allow":["GET"]}}],"collection":[{"href":"https:\/\/www.europesays.com\/fr\/wp-json\/wp\/v2\/posts"}],"about":[{"href":"https:\/\/www.europesays.com\/fr\/wp-json\/wp\/v2\/types\/post"}],"author":[{"embeddable":true,"href":"https:\/\/www.europesays.com\/fr\/wp-json\/wp\/v2\/users\/2"}],"replies":[{"embeddable":true,"href":"https:\/\/www.europesays.com\/fr\/wp-json\/wp\/v2\/comments?post=541845"}],"version-history":[{"count":0,"href":"https:\/\/www.europesays.com\/fr\/wp-json\/wp\/v2\/posts\/541845\/revisions"}],"wp:featuredmedia":[{"embeddable":true,"href":"https:\/\/www.europesays.com\/fr\/wp-json\/wp\/v2\/media\/541846"}],"wp:attachment":[{"href":"https:\/\/www.europesays.com\/fr\/wp-json\/wp\/v2\/media?parent=541845"}],"wp:term":[{"taxonomy":"category","embeddable":true,"href":"https:\/\/www.europesays.com\/fr\/wp-json\/wp\/v2\/categories?post=541845"},{"taxonomy":"post_tag","embeddable":true,"href":"https:\/\/www.europesays.com\/fr\/wp-json\/wp\/v2\/tags?post=541845"}],"curies":[{"name":"wp","href":"https:\/\/api.w.org\/{rel}","templated":true}]}}