{"id":541853,"date":"2025-11-18T05:54:12","date_gmt":"2025-11-18T05:54:12","guid":{"rendered":"https:\/\/www.europesays.com\/fr\/541853\/"},"modified":"2025-11-18T05:54:12","modified_gmt":"2025-11-18T05:54:12","slug":"la-france-et-lallemagne-veulent-alleger-les-regles-europeennes","status":"publish","type":"post","link":"https:\/\/www.europesays.com\/fr\/541853\/","title":{"rendered":"la France et l\u2019Allemagne veulent all\u00e9ger les r\u00e8gles europ\u00e9ennes"},"content":{"rendered":"<p>C\u2019est au nom de la \u00ab\u00a0comp\u00e9titivit\u00e9\u00a0\u00bb et de la \u00ab\u00a0souverainet\u00e9\u00a0\u00bb europ\u00e9enne en mati\u00e8re de num\u00e9rique qu\u2019Emmanuel Macron et le chancelier allemand Friedrich Merz devraient plaider, mardi 18\u00a0novembre \u00e0 Berlin, pour une \u00ab\u00a0simplification\u00a0\u00bb des r\u00e8gles en vigueur dans l\u2019Union. Tel est l\u2019agenda politique de ce sommet franco-allemand, qui aura par ailleurs pour but d\u2019acc\u00e9l\u00e9rer la \u00ab\u00a0pr\u00e9f\u00e9rence europ\u00e9enne dans la commande publique\u00a0\u00bb afin de permettre l\u2019essor de services num\u00e9riques europ\u00e9ens pour contrer l\u2019h\u00e9g\u00e9monie de la tech am\u00e9ricaine.<\/p>\n<p>Cet article est r\u00e9serv\u00e9 aux abonn\u00e9s<\/p>\n<p>\n                    Vous souhaitez lire la suite\u00a0? Abonnez-vous sans engagement \u00e0 notre offre num\u00e9rique\n                <\/p>\n<p>                <a href=\"https:\/\/www.la-croix.com\/abonnement\" class=\"default-paywall__subscribe-button\" data-tracking=\"cta_click\" data-tracking-action=\"voir la page abonnement\" data-tracking-category=\"abonnement\" rel=\"nofollow noopener\" target=\"_blank\">Je m&rsquo;abonne<\/a><\/p>\n","protected":false},"excerpt":{"rendered":"C\u2019est au nom de la \u00ab\u00a0comp\u00e9titivit\u00e9\u00a0\u00bb et de la \u00ab\u00a0souverainet\u00e9\u00a0\u00bb europ\u00e9enne en mati\u00e8re de num\u00e9rique qu\u2019Emmanuel Macron et&hellip;\n","protected":false},"author":2,"featured_media":541854,"comment_status":"","ping_status":"","sticky":false,"template":"","format":"standard","meta":{"footnotes":""},"categories":[1587],"tags":[11,672,1804,1805,1803,1777,674,1801,12,1802],"class_list":{"0":"post-541853","1":"post","2":"type-post","3":"status-publish","4":"format-standard","5":"has-post-thumbnail","7":"category-allemagne","8":"tag-actualites","9":"tag-allemagne","10":"tag-bundesrepublik-deutschland","11":"tag-de","12":"tag-deutschland","13":"tag-eu","14":"tag-europe","15":"tag-germany","16":"tag-news","17":"tag-republique-federale-dallemagne"},"share_on_mastodon":{"url":"https:\/\/pubeurope.com\/@fr\/115569155425647317","error":""},"_links":{"self":[{"href":"https:\/\/www.europesays.com\/fr\/wp-json\/wp\/v2\/posts\/541853","targetHints":{"allow":["GET"]}}],"collection":[{"href":"https:\/\/www.europesays.com\/fr\/wp-json\/wp\/v2\/posts"}],"about":[{"href":"https:\/\/www.europesays.com\/fr\/wp-json\/wp\/v2\/types\/post"}],"author":[{"embeddable":true,"href":"https:\/\/www.europesays.com\/fr\/wp-json\/wp\/v2\/users\/2"}],"replies":[{"embeddable":true,"href":"https:\/\/www.europesays.com\/fr\/wp-json\/wp\/v2\/comments?post=541853"}],"version-history":[{"count":0,"href":"https:\/\/www.europesays.com\/fr\/wp-json\/wp\/v2\/posts\/541853\/revisions"}],"wp:featuredmedia":[{"embeddable":true,"href":"https:\/\/www.europesays.com\/fr\/wp-json\/wp\/v2\/media\/541854"}],"wp:attachment":[{"href":"https:\/\/www.europesays.com\/fr\/wp-json\/wp\/v2\/media?parent=541853"}],"wp:term":[{"taxonomy":"category","embeddable":true,"href":"https:\/\/www.europesays.com\/fr\/wp-json\/wp\/v2\/categories?post=541853"},{"taxonomy":"post_tag","embeddable":true,"href":"https:\/\/www.europesays.com\/fr\/wp-json\/wp\/v2\/tags?post=541853"}],"curies":[{"name":"wp","href":"https:\/\/api.w.org\/{rel}","templated":true}]}}