{"id":541855,"date":"2025-11-18T05:55:21","date_gmt":"2025-11-18T05:55:21","guid":{"rendered":"https:\/\/www.europesays.com\/fr\/541855\/"},"modified":"2025-11-18T05:55:21","modified_gmt":"2025-11-18T05:55:21","slug":"avec-lai-act-leurope-ne-doit-pas-renoncer-a-reguler-liberation","status":"publish","type":"post","link":"https:\/\/www.europesays.com\/fr\/541855\/","title":{"rendered":"Avec l\u2019AI Act, l\u2019Europe ne doit pas renoncer \u00e0 r\u00e9guler \u2013 Lib\u00e9ration"},"content":{"rendered":"<p class=\"sc-cPiKLX AiZTS text-element\">On aime r\u00e9p\u00e9ter que l\u2019Union europ\u00e9enne est \u00abla premi\u00e8re puissance au monde \u00e0 r\u00e9guler l\u2019intelligence artificielle\u00bb. La formule est \u00e9l\u00e9gante, rassurante, presque performative. Elle sugg\u00e8re que l\u2019Europe, encore une fois, aurait montr\u00e9 la voie, comme avec le r\u00e8glement g\u00e9n\u00e9ral sur la protection des donn\u00e9es (RGPD). Mais cette affirmation sonne aujourd\u2019hui comme un trompe-l\u2019\u0153il. A mesure que l\u2019AI Act approche de son entr\u00e9e en vigueur, les ambitions initiales du texte sont m\u00e9thodiquement rabot\u00e9es. Comme l\u2019a r\u00e9v\u00e9l\u00e9 <a href=\"https:\/\/www.ft.com\/content\/af6c6dbe-ce63-47cc-8923-8bce4007f6e1\" target=\"_blank\" rel=\"nofollow noopener\" title=\"https:\/\/www.ft.com\/content\/af6c6dbe-ce63-47cc-8923-8bce4007f6e1\">Financial Times<\/a>, les dispositions les plus structurantes, celles qui devaient encadrer les puissants mod\u00e8les de fondation, sont en train d\u2019\u00eatre affaiblies sous la pression directe des \u00abBig Tech\u00bb am\u00e9ricaines.<\/p>\n<p class=\"sc-cPiKLX AiZTS text-element\">Le c\u0153ur du probl\u00e8me d\u00e9passe largement le d\u00e9bat technique. Pour la premi\u00e8re fois dans l\u2019histoire r\u00e9cente de la r\u00e9gulation europ\u00e9enne, des entreprises priv\u00e9es, am\u00e9ricaines pour la plupart, ont r\u00e9ussi \u00e0 r\u00e9\u00e9crire l\u2019essence d\u2019une loi avant m\u00eame qu\u2019elle ne soit pleinement adopt\u00e9e. La m\u00e9thode est connue : rencontres intensives, argumentaire \u00abpro-innovation\u00bb, promesse d\u2019emplois, menace de perte de comp\u00e9titivit\u00e9. Mais l\u2019ampleur, elle, est in\u00e9dite. <\/p>\n<p class=\"sc-cPiKLX AiZTS text-element\">Sous ces pressions, les obligations de transparence des syst\u00e8mes d\u2019intelligence artificielle g\u00e9n\u00e9rative (de type ChatGPT et autres), de documen<\/p>\n","protected":false},"excerpt":{"rendered":"On aime r\u00e9p\u00e9ter que l\u2019Union europ\u00e9enne est \u00abla premi\u00e8re puissance au monde \u00e0 r\u00e9guler l\u2019intelligence artificielle\u00bb. La formule&hellip;\n","protected":false},"author":2,"featured_media":541856,"comment_status":"","ping_status":"","sticky":false,"template":"","format":"standard","meta":{"footnotes":""},"categories":[1586],"tags":[11,1777,674,1011,27,223,12,25,364],"class_list":{"0":"post-541855","1":"post","2":"type-post","3":"status-publish","4":"format-standard","5":"has-post-thumbnail","7":"category-europe","8":"tag-actualites","9":"tag-eu","10":"tag-europe","11":"tag-fr","12":"tag-france","13":"tag-intelligence-artificielle","14":"tag-news","15":"tag-republique-francaise","16":"tag-union-europeenne"},"share_on_mastodon":{"url":"https:\/\/pubeurope.com\/@fr\/115569159474728699","error":""},"_links":{"self":[{"href":"https:\/\/www.europesays.com\/fr\/wp-json\/wp\/v2\/posts\/541855","targetHints":{"allow":["GET"]}}],"collection":[{"href":"https:\/\/www.europesays.com\/fr\/wp-json\/wp\/v2\/posts"}],"about":[{"href":"https:\/\/www.europesays.com\/fr\/wp-json\/wp\/v2\/types\/post"}],"author":[{"embeddable":true,"href":"https:\/\/www.europesays.com\/fr\/wp-json\/wp\/v2\/users\/2"}],"replies":[{"embeddable":true,"href":"https:\/\/www.europesays.com\/fr\/wp-json\/wp\/v2\/comments?post=541855"}],"version-history":[{"count":0,"href":"https:\/\/www.europesays.com\/fr\/wp-json\/wp\/v2\/posts\/541855\/revisions"}],"wp:featuredmedia":[{"embeddable":true,"href":"https:\/\/www.europesays.com\/fr\/wp-json\/wp\/v2\/media\/541856"}],"wp:attachment":[{"href":"https:\/\/www.europesays.com\/fr\/wp-json\/wp\/v2\/media?parent=541855"}],"wp:term":[{"taxonomy":"category","embeddable":true,"href":"https:\/\/www.europesays.com\/fr\/wp-json\/wp\/v2\/categories?post=541855"},{"taxonomy":"post_tag","embeddable":true,"href":"https:\/\/www.europesays.com\/fr\/wp-json\/wp\/v2\/tags?post=541855"}],"curies":[{"name":"wp","href":"https:\/\/api.w.org\/{rel}","templated":true}]}}