{"id":541864,"date":"2025-11-18T06:02:12","date_gmt":"2025-11-18T06:02:12","guid":{"rendered":"https:\/\/www.europesays.com\/fr\/541864\/"},"modified":"2025-11-18T06:02:12","modified_gmt":"2025-11-18T06:02:12","slug":"romain-ntamack-sorti-du-xv-de-france","status":"publish","type":"post","link":"https:\/\/www.europesays.com\/fr\/541864\/","title":{"rendered":"Romain Ntamack sorti du XV de France\u00a0?"},"content":{"rendered":"<p><strong>Peu \u00e0 son avantage, samedi, lors<br \/>\ndu test face aux Fidji, Romain Ntamack pourrait perdre sa place \u00e0<br \/>\nl\u2019ouverture contre l\u2019Australie pour le dernier test de<br \/>\nnovembre.<\/strong><\/p>\n<p>Le XV de France n\u2019a pas rassur\u00e9, samedi. Une semaine apr\u00e8s la<br \/>\ngifle re\u00e7ue face \u00e0 l\u2019Afrique du Sud, les Bleus sont certes<br \/>\nfinalement venus \u00e0 bout des Fidji, mais leur prestation a une<br \/>\nnouvelle fois \u00e9t\u00e9 tr\u00e8s insuffisante. Apr\u00e8s vingt bonnes premi\u00e8res<br \/>\nminutes, les hommes de Fabien Galthi\u00e9 ont perdu du pied, ne devant<br \/>\nqu\u2019\u00e0 la maladresse des joueurs du Pacifique d\u2019avoir le dernier mot<br \/>\n(34-21).<\/p>\n<blockquote class=\"twitter-tweet\"><p><a class=\"twitter-link\" rel=\"noindex, nofollow noopener\" href=\"https:\/\/twitter.com\/sports_fr\/status\/1989979959868141891?s=20\" target=\"_blank\"><\/p><\/blockquote>\n<p>Depuis samedi, les critiques ont \u00e9t\u00e9 nombreuses, notamment<br \/>\ncontre la charni\u00e8re form\u00e9e de Maxime Lucu et Romain Ntamack.<br \/>\nL\u2019ouvreur du Stade Toulousain a \u00e9t\u00e9 tout particuli\u00e8rement vis\u00e9.<br \/>\n\u00ab\u00a0Maxime Lucu et Romain Ntamack ont \u00e9t\u00e9 un peu<br \/>\ntransparents. C\u2019est-\u00e0-dire qu\u2019ils auraient d\u00fb avoir un peu plus la<br \/>\nmain sur le match, \u00eatre plus leaders, prendre des initiatives pour<br \/>\nchanger le cours de la rencontre. C\u2019est peut-\u00eatre encore plus vrai<br \/>\npour Romain Ntamack\u00a0\u00bb, a ainsi confi\u00e9 Yann Delaigue dans<br \/>\nles colonnes du Midi Olympique.<\/p>\n<p>Thomas Ramos plut\u00f4t que Romain Ntamack ?<\/p>\n<p>\u00ab\u00a0On attend plus de Romain parce qu\u2019on sait tous qu\u2019il<br \/>\npeut le faire. Il n\u2019a pas \u00e9t\u00e9 mauvais, mais en ce moment, il ne<br \/>\np\u00e8se pas assez, a-t-il rench\u00e9ri, poursuivant avec une<br \/>\ncomparaison peu flatteuse avec Thomas Ramos, r\u00e9guli\u00e8rement utilis\u00e9<br \/>\n\u00e0 l\u2019ouverture par Fabien Galthi\u00e9 lorsque Romain Ntamack \u00e9tait<br \/>\nindisponible.<\/p>\n<p>\u00ab En fait, l\u2019initiative individuelle qui permet d\u2019infl\u00e9chir<br \/>\nune mauvaise dynamique, c\u2019est bien souvent Thomas Ramos qui la<br \/>\nprend. Il a ce c\u00f4t\u00e9 leader que Romain n\u2019a pas en ce moment. Il<br \/>\npropose des choses sur le terrain qui inversent la tendance \u00bb,<br \/>\na-t-il soulign\u00e9.<\/p>\n<p>Et pour Guy Accoberry, Thomas Ramos serait sans doute plus \u00e0<br \/>\nm\u00eame de conduire le jeu des Bleus. \u00ab\u00a0En terme de jeu, on<br \/>\nobserve \u00e9galement une \u00e9quipe qui ne porte pas suffisamment le<br \/>\nballon \u00e0 mon sens. On ne voit plus les sch\u00e9mas offensifs d\u00e9ploy\u00e9s<br \/>\ndurant le dernier Tournoi. Cela poste la question des joueurs<br \/>\nalign\u00e9s. Mais pour mettre ce jeu en place, il faut tout de m\u00eame<br \/>\ncommencer par \u00eatre conqu\u00e9rant devant\u00a0\u00bb, a tout d\u2019abord<br \/>\nconfi\u00e9 l\u2019ancien demi de m\u00eal\u00e9e, ajoutant\u00a0: \u00ab\u00a0Dans ce<br \/>\nsyst\u00e8me, Romain Ntamack ne p\u00e8se pas assez: Thomas Ramos ne<br \/>\ntiendrait-il pas mieux ce r\u00f4le\u00a0? \u00bb\u00a0\u00a0<\/p>\n<p><script async src=\"https:\/\/platform.twitter.com\/widgets.js\" charset=\"utf-8\"><\/script><\/p>\n","protected":false},"excerpt":{"rendered":"Peu \u00e0 son avantage, samedi, lors du test face aux Fidji, Romain Ntamack pourrait perdre sa place \u00e0&hellip;\n","protected":false},"author":2,"featured_media":541865,"comment_status":"","ping_status":"","sticky":false,"template":"","format":"standard","meta":{"footnotes":""},"categories":[1416],"tags":[1011,27,479,1468,60],"class_list":{"0":"post-541864","1":"post","2":"type-post","3":"status-publish","4":"format-standard","5":"has-post-thumbnail","7":"category-rugby","8":"tag-fr","9":"tag-france","10":"tag-rugby","11":"tag-rugby-football","12":"tag-sports"},"share_on_mastodon":{"url":"https:\/\/pubeurope.com\/@fr\/115569186794265841","error":""},"_links":{"self":[{"href":"https:\/\/www.europesays.com\/fr\/wp-json\/wp\/v2\/posts\/541864","targetHints":{"allow":["GET"]}}],"collection":[{"href":"https:\/\/www.europesays.com\/fr\/wp-json\/wp\/v2\/posts"}],"about":[{"href":"https:\/\/www.europesays.com\/fr\/wp-json\/wp\/v2\/types\/post"}],"author":[{"embeddable":true,"href":"https:\/\/www.europesays.com\/fr\/wp-json\/wp\/v2\/users\/2"}],"replies":[{"embeddable":true,"href":"https:\/\/www.europesays.com\/fr\/wp-json\/wp\/v2\/comments?post=541864"}],"version-history":[{"count":0,"href":"https:\/\/www.europesays.com\/fr\/wp-json\/wp\/v2\/posts\/541864\/revisions"}],"wp:featuredmedia":[{"embeddable":true,"href":"https:\/\/www.europesays.com\/fr\/wp-json\/wp\/v2\/media\/541865"}],"wp:attachment":[{"href":"https:\/\/www.europesays.com\/fr\/wp-json\/wp\/v2\/media?parent=541864"}],"wp:term":[{"taxonomy":"category","embeddable":true,"href":"https:\/\/www.europesays.com\/fr\/wp-json\/wp\/v2\/categories?post=541864"},{"taxonomy":"post_tag","embeddable":true,"href":"https:\/\/www.europesays.com\/fr\/wp-json\/wp\/v2\/tags?post=541864"}],"curies":[{"name":"wp","href":"https:\/\/api.w.org\/{rel}","templated":true}]}}