{"id":541868,"date":"2025-11-18T06:07:21","date_gmt":"2025-11-18T06:07:21","guid":{"rendered":"https:\/\/www.europesays.com\/fr\/541868\/"},"modified":"2025-11-18T06:07:21","modified_gmt":"2025-11-18T06:07:21","slug":"je-ne-pensais-jamais-vivre-ca-pendant-ma-carriere-malgre-un-statut-sur-la-route-et-en-cyclo-cross-clement-venturini-toujours-sans-contrat-pour-2026","status":"publish","type":"post","link":"https:\/\/www.europesays.com\/fr\/541868\/","title":{"rendered":"\u00ab\u00a0Je ne pensais jamais vivre \u00e7a pendant ma carri\u00e8re\u2026\u00a0\u00bb : malgr\u00e9 un statut sur la route et en cyclo-cross, Cl\u00e9ment Venturini toujours sans contrat pour 2026"},"content":{"rendered":"<p>Vous \u00eates l\u2019un des meilleurs coureurs de l\u2019\u00e9quipe Ark\u00e9a-B &amp; B H\u00f4tels\u2026 et vous n\u2019avez toujours pas de contrat professionnel pour 2026. Comment est-ce possible ?<\/p>\n<p>Je ne sais pas. Je dois avoir des d\u00e9fauts, des lacunes, quelque part. Je ne comprends pas trop. J\u2019ai 700 points UCI, je suis un coureur r\u00e9gulier, exemplaire, assidu de janvier \u00e0 novembre. Sans me vanter, j\u2019ai toujours \u00e9t\u00e9 tr\u00e8s professionnel, j\u2019ai toujours r\u00e9pondu aux attentes. Malheureusement, cela ne suffit pas toujours. Tous les jours, j\u2019entends dire que ce n\u2019est pas normal qu\u2019un coureur comme moi ne retrouve d\u2019\u00e9quipe et pourtant\u2026 Pourtant, je n\u2019ai rien.<\/p>\n<p>Vous n\u2018avez toujours rien ?<\/p>\n<p>Non, je ne suis pas plus avanc\u00e9 que ces derni\u00e8res semaines. Je n\u2018ai rien, je n\u2019ai pas d\u2019\u00e9quipe. Mon avenir reste plus qu\u2019incertain. Je n\u2019ai pourtant pas envie d\u2019\u00eatre \u00e0 la retraite en 2026. Mon agent continue de faire le maximum mais les effectifs sont bient\u00f4t clos. Il ne reste plus beaucoup de places. Voil\u00e0 o\u00f9 en est la situation\u2026 Si je n\u2019ai rien sign\u00e9 dans les deux mois \u00e0 venir, cela va \u00eatre dur \u00e0 dig\u00e9rer.<\/p>\n<p>Plusieurs rumeurs ont pourtant circul\u00e9 \u00e0 votre sujet\u2026<\/p>\n<p>J\u2018ai \u00e9t\u00e9 en contact avec plusieurs \u00e9quipes. Malheureusement, il n\u2019y en a pas une qui m\u2019a propos\u00e9 un contrat. A ce jour, je n\u2019ai aucun contrat sous les yeux. J\u2019y ai cr\u00fb. \u00c7a a souvent \u00e9t\u00e9 l\u2019ascenseur \u00e9motionnel. \u00c0 chaque fois que le t\u00e9l\u00e9phone sonne dans la poche\u2026<\/p>\n<p>Que vous r\u00e9pond-t-on au sein des \u00e9quipes o\u00f9 vous avez postul\u00e9 ?<\/p>\n<p>J\u2018ai entendu de tout, vous savez\u2026 Qu\u2019il y avait d\u00e9j\u00e0 des profils de mon genre, que l\u2019on voulait rajeunir l\u2019effectif, que l\u2019on avait pas le budget pour me faire signer\u2026. Je ne demande pourtant pas la lune.<\/p>\n<p>Dans ce contexte, avez-vous encore de l\u2018espoir de figurer dans le peloton professionnel en 2026 ?<\/p>\n<p>J\u2018ai surtout beaucoup de motivation. Je veux rester chez les pros la saison prochaine. Je n\u2019ai pas envie que tout s\u2019arr\u00eate comme \u00e7a. Avec mon agent (Joona Laukka), on discute encore avec certaines \u00e9quipes mais\u2026 Je ne me vois pas non plus continuer dans n\u2019importe quelles conditions.<\/p>\n<p>Forc\u00e9ment, on vous sent inquiet\u2026<\/p>\n<p>Je ne sais pas si c\u2019est le terme appropri\u00e9. Je suis surtout d\u00e9\u00e7u, d\u00e9\u00e7u si cela devait s\u2019arr\u00eater comme \u00e7a. Encore une fois, ce serait dommage. Je n\u2019ai pas envie de laisser le train passer. J\u2019ai toujours \u00e9t\u00e9 tr\u00e8s pro, j\u2019esp\u00e8re que ma deuxi\u00e8me vie sera plus prolifique.<\/p>\n<p>Vous vous laissez jusqu\u2019\u00e0 quand pour retrouver un contrat chez les professionnels ?<\/p>\n<p>Cette saison est tellement sp\u00e9ciale\u2026 A cette date-l\u00e0, normalement, c\u2019est impensable de penser que l\u2019on va \u00eatre encore professionnel si l\u2019on n\u2019a pas de contrat. Mais cette ann\u00e9e, entre l\u2019arr\u00eat d\u2019Ark\u00e9a-B &amp; B Hotels, la fusion (Lotto-Intermarch\u00e9)\u2026 C\u2019est une ann\u00e9e \u00e0 part, tellement \u00e0 part\u2026<\/p>\n<p>Moralement, comment vivez-vous cette p\u00e9riode d\u2019incertitude ?<\/p>\n<p>Pfff\u2026 Tant bien que mal. Heureusement que j\u2018ai un petit Loulou de neuf mois. Je traverse des moments difficiles. Heureusement que je suis bien entour\u00e9. Je ne pensais jamais vivre \u00e7a pendant ma carri\u00e8re. Le plus tard que j\u2019ai resign\u00e9 un contrat, c\u2019\u00e9tait en mai-juin. L\u00e0, on est mi-novembre\u2026<\/p>\n<p>Et le cyclo-cross dans tout \u00e7a ?<\/p>\n<p>Franchement, je n\u2018ai pas du tout la t\u00eate au cyclo-cross. Je n\u2019ai pas le c\u0153ur \u00e0 \u00e7a. Ce n\u2019est pas du tout le sujet. L\u2019\u00e9quipe Ark\u00e9a-B &amp; B Hotel, faute de budget, avait annonc\u00e9 qu\u2019elle n\u2019accompagnerait pas ses cyclo-crossmen fin 2025, ce que je comprends. En fait, j\u2019attends d\u2019\u00eatre fix\u00e9 sur mon avenir avant de savoir si je vais refaire du cyclo-cross ou pas.<\/p>\n<p>Si vous ne retrouvez pas d\u2018\u00e9quipe professionnelle, vous ne serez pas au d\u00e9part des prochains championnats de France de cyclo-cross pour viser un huiti\u00e8me titre \u00e0 Troyes ?<\/p>\n<p>Je ne pense pas. Il y a tr\u00e8s peu de chance. Je ne peux pas me projeter. C\u2018est tellement flou actuellement\u2026 Sans \u00eatre professionnel, je ne sais pas si je vais \u00eatre apte \u00e0 faire du cyclo-cross. M\u00eame si je reste un \u00e9norme passionn\u00e9 par la discipline, j\u2019en ai quand m\u00eame gros sur la patate.<\/p>\n<p>Avez-vous repris l\u2019entra\u00eenement ?<\/p>\n<p>J\u2018ai repris le sport pour m\u2019a\u00e9rer l\u2019esprit, pour prendre soin de moi, physiquement et moralement. Je fais du sport tous les jours, je roule m\u00eame fort\u2026 Mais ce n\u2019est pas \u00e9vident.<\/p>\n","protected":false},"excerpt":{"rendered":"Vous \u00eates l\u2019un des meilleurs coureurs de l\u2019\u00e9quipe Ark\u00e9a-B &amp; B H\u00f4tels\u2026 et vous n\u2019avez toujours pas de&hellip;\n","protected":false},"author":2,"featured_media":541869,"comment_status":"","ping_status":"","sticky":false,"template":"","format":"standard","meta":{"footnotes":""},"categories":[1411],"tags":[34378,1154,207,59294,3166,1011,27,2427,60],"class_list":{"0":"post-541868","1":"post","2":"type-post","3":"status-publish","4":"format-standard","5":"has-post-thumbnail","7":"category-cyclisme","8":"tag-arkea-bb-hotels","9":"tag-cycling","10":"tag-cyclisme","11":"tag-cyclo-cross","12":"tag-en-continu-sports","13":"tag-fr","14":"tag-france","15":"tag-professionnels","16":"tag-sports"},"share_on_mastodon":{"url":"https:\/\/pubeurope.com\/@fr\/115569206534633744","error":""},"_links":{"self":[{"href":"https:\/\/www.europesays.com\/fr\/wp-json\/wp\/v2\/posts\/541868","targetHints":{"allow":["GET"]}}],"collection":[{"href":"https:\/\/www.europesays.com\/fr\/wp-json\/wp\/v2\/posts"}],"about":[{"href":"https:\/\/www.europesays.com\/fr\/wp-json\/wp\/v2\/types\/post"}],"author":[{"embeddable":true,"href":"https:\/\/www.europesays.com\/fr\/wp-json\/wp\/v2\/users\/2"}],"replies":[{"embeddable":true,"href":"https:\/\/www.europesays.com\/fr\/wp-json\/wp\/v2\/comments?post=541868"}],"version-history":[{"count":0,"href":"https:\/\/www.europesays.com\/fr\/wp-json\/wp\/v2\/posts\/541868\/revisions"}],"wp:featuredmedia":[{"embeddable":true,"href":"https:\/\/www.europesays.com\/fr\/wp-json\/wp\/v2\/media\/541869"}],"wp:attachment":[{"href":"https:\/\/www.europesays.com\/fr\/wp-json\/wp\/v2\/media?parent=541868"}],"wp:term":[{"taxonomy":"category","embeddable":true,"href":"https:\/\/www.europesays.com\/fr\/wp-json\/wp\/v2\/categories?post=541868"},{"taxonomy":"post_tag","embeddable":true,"href":"https:\/\/www.europesays.com\/fr\/wp-json\/wp\/v2\/tags?post=541868"}],"curies":[{"name":"wp","href":"https:\/\/api.w.org\/{rel}","templated":true}]}}