{"id":541882,"date":"2025-11-18T06:16:15","date_gmt":"2025-11-18T06:16:15","guid":{"rendered":"https:\/\/www.europesays.com\/fr\/541882\/"},"modified":"2025-11-18T06:16:15","modified_gmt":"2025-11-18T06:16:15","slug":"un-nouveau-foyer-de-cancers-detecte-a-louest-de-la-rochelle","status":"publish","type":"post","link":"https:\/\/www.europesays.com\/fr\/541882\/","title":{"rendered":"Un nouveau foyer de cancers d\u00e9tect\u00e9 \u00e0 l\u2019ouest de la Rochelle"},"content":{"rendered":"<p><img decoding=\"async\" class=\"\" style=\"width:100%;max-width:100%\" src=\"https:\/\/www.europesays.com\/fr\/wp-content\/uploads\/2025\/11\/Design_sans_titre__86_1763372040257-format16by9.png\" alt=\"\u00e9tude registre cancer\"\/><\/p>\n<p>La sur-incidence du cancer du poumon serait de 27% chez les hommes vivant \u00e0 l&rsquo;ouest de La Rochelle.<\/p>\n<p>Cr\u00e9dit : Registre des cancers du Poitou-Charente<\/p>\n<p>Il ne s\u2019agit pas de quelques cas suppl\u00e9mentaires. <strong>\u00ab\u00a0On ne s\u2019attendait pas \u00e0 \u00e7a, c\u2019est une surprise\u00a0\u00bb<\/strong>, reconna\u00eet Jean-Marie Piot. Il est le pr\u00e9sident de la Ligue contre le Cancer de la Charente-Maritime, qui a co-financ\u00e9 cette \u00e9tude avec la communaut\u00e9 d\u2019agglom\u00e9ration rochelaise.<\/p>\n<p>\u00a0<\/p>\n<p>\u00ab\u00a0Une surprise\u00a0\u00bb<\/p>\n<p>Au fil des pages, on apprend que <strong>six quartiers de l\u2019ouest de La Rochelle<\/strong> sont concern\u00e9s par <strong>une sur-incidence de cancers du poumon et des voies a\u00e9riennes digestives sup\u00e9rieures (bouche, langue, \u0153sophage\u2026).<\/strong><\/p>\n<p>\u00a0<\/p>\n<blockquote>\n<p>\u00ab\u00a0On parle de <strong>27% \u00e0 30% de cas en plus<\/strong>, par rapport \u00e0 la moyenne du d\u00e9partement. C\u2019est quand m\u00eame consid\u00e9rable, on ne s\u2019attendait pas du tout \u00e0 ce chiffre-l\u00e0\u00a0\u00bb, Jean-Marie Piot, pr\u00e9sident de la Ligue contre le Cancer de Charente-Maritime.<\/p>\n<\/blockquote>\n<p>\u00a0<\/p>\n<p>Un risque accru qui touche <strong>d\u2019abord les hommes, dans six quartiers diff\u00e9rents : Laleu, Rossignolette, La Pallice, Mireuil et Port-Neuf<\/strong>. Tous au nord-ouest de la ville.<\/p>\n<p>Cette enqu\u00eate a \u00e9t\u00e9 r\u00e9alis\u00e9e par le registre des cancers du Poitou-Charentes, entre 2008 et 2019. Elle a \u00e9t\u00e9 rendue publique en 2023 et disponible en <a href=\"https:\/\/www.registre-cancers-poitou-charentes.fr\/obj\/Cartographie%20SIR%20CDA%20VF.pdf\" rel=\"noopener\" target=\"_blank\">libre acc\u00e8s sur internet<\/a>.<\/p>\n<p>\u00a0<\/p>\n<p>Quelles causes ?<\/p>\n<p>Face \u00e0 ces chiffres, une seule question se pose\u00a0: <strong>pourquoi\u00a0?<\/strong> Place aux explications. Qui dit cancer du poumon, dit d\u2019abord tabac, premier facteur \u00e0 risque.\u00a0<\/p>\n<p>Sur Facebook, <strong>Franck Rinchet-Girollet<\/strong>, porte-parole de l\u2019association <strong>Avenir Sant\u00e9 Environnement<\/strong> appelle cependant \u00e0 \u00ab\u00a0ne pas expliquer une sur-incidence uniquement par des <strong>facteurs sociologiques<\/strong>\u00ab\u00a0, comme la cigarette.<\/p>\n<p>Dans sa publication, l\u2019attach\u00e9 parlementaire demande <strong>\u00ab\u00a0un \u00e9tat des lieux des pollutions sur ce territoire\u00a0\u00bb<\/strong>, citant les multiples sources auxquelles sont expos\u00e9s certains quartiers de l\u2019agglom\u00e9ration : <strong>\u00ab\u00a0usines SEVESO, HAP (Hydrocarbures aromatiques polycycliques), poussi\u00e8res de c\u00e9r\u00e9ales, pollution des cargos et des bateaux de croisi\u00e8re, pesticides&#8230;\u00a0\u00bb<\/strong><\/p>\n<p>\u00a0<\/p>\n<\/p>\n<p> Pas d&rsquo;explication avant au moins un an<\/p>\n<p>\u00ab\u00a0Il ne faut rien \u00e9carter, confirme Jean-Marie Piot. Est-ce qu\u2019il y a des gens soumis \u00e0 des <strong>environnements professionnels<\/strong> et qui ont respir\u00e9 des <strong>substances toxiques <\/strong>? Des choses d\u00e9gag\u00e9es par le <strong>grand port de commerce,<\/strong> \u00e0 proximit\u00e9 de ces quartiers ? Et puis il y aussi des <strong>m\u00e9langes de substances<\/strong>, comme dans les champs avec les pesticides. Ce sont des <strong>cocktails de mol\u00e9cules <\/strong>qui peuvent \u00eatre tr\u00e8s dangereux.\u00a0\u00bb<\/p>\n<p>La Ligue contre le Cancer et la CDA de La Rochelle ont une nouvelle co-financ\u00e9 <strong>une th\u00e8se de m\u00e9decine qui sera r\u00e9alis\u00e9 \u00e0 l\u2019universit\u00e9 de Poitiers<\/strong>. Les premiers r\u00e9sultats ne sont <strong>pas attendus avant au moins un an<\/strong>.<\/p>\n<p>\u00a0<\/p>\n<blockquote>\n<p>\u00ab\u00a0C\u2019est un travail de longue haleine, on n\u2019aura pas les r\u00e9ponses en quelques travaux. <strong>Il va falloir aller fouiller dans les dossiers d\u2019anciens patients<\/strong>, c\u2019est tr\u00e8s compliqu\u00e9 mais au moins, on montre qu&rsquo;on est transparent et on dit ce qu&rsquo;il se passe !\u00a0\u00bb<\/p>\n<\/blockquote>\n<p>\u00a0<\/p>\n<p>Jean-Marie Piot, pr\u00e9sident de la Ligue contre le Cancer de Charente-Maritime demande d\u00e9sormais aux autorit\u00e9s publiques \u00e0 <strong>prendre les choses en main<\/strong>, \u00e0 commencer par la <strong>pr\u00e9vention<\/strong>.<\/p>\n","protected":false},"excerpt":{"rendered":"La sur-incidence du cancer du poumon serait de 27% chez les hommes vivant \u00e0 l&rsquo;ouest de La Rochelle.&hellip;\n","protected":false},"author":2,"featured_media":541883,"comment_status":"","ping_status":"","sticky":false,"template":"","format":"standard","meta":{"footnotes":""},"categories":[10],"tags":[66013,101,8203,66014,2218,6583,66012,1294,1011,27,72,4933,2217,37406,2673,1800,66011,71,6582],"class_list":{"0":"post-541882","1":"post","2":"type-post","3":"status-publish","4":"format-standard","5":"has-post-thumbnail","7":"category-sante","8":"tag-agglomeration-de-la-rochelle","9":"tag-cancer","10":"tag-cancer-du-poumon","11":"tag-cda","12":"tag-charente-maritime","13":"tag-cigarette","14":"tag-etude-epidemiologique","15":"tag-femme","16":"tag-fr","17":"tag-france","18":"tag-health","19":"tag-homme","20":"tag-la-rochelle","21":"tag-ligue-contre-le-cancer","22":"tag-medecins","23":"tag-pollution","24":"tag-registre-des-cancers-du-poitou-charentes","25":"tag-sante","26":"tag-tabac"},"share_on_mastodon":{"url":"https:\/\/pubeurope.com\/@fr\/115569242107602937","error":""},"_links":{"self":[{"href":"https:\/\/www.europesays.com\/fr\/wp-json\/wp\/v2\/posts\/541882","targetHints":{"allow":["GET"]}}],"collection":[{"href":"https:\/\/www.europesays.com\/fr\/wp-json\/wp\/v2\/posts"}],"about":[{"href":"https:\/\/www.europesays.com\/fr\/wp-json\/wp\/v2\/types\/post"}],"author":[{"embeddable":true,"href":"https:\/\/www.europesays.com\/fr\/wp-json\/wp\/v2\/users\/2"}],"replies":[{"embeddable":true,"href":"https:\/\/www.europesays.com\/fr\/wp-json\/wp\/v2\/comments?post=541882"}],"version-history":[{"count":0,"href":"https:\/\/www.europesays.com\/fr\/wp-json\/wp\/v2\/posts\/541882\/revisions"}],"wp:featuredmedia":[{"embeddable":true,"href":"https:\/\/www.europesays.com\/fr\/wp-json\/wp\/v2\/media\/541883"}],"wp:attachment":[{"href":"https:\/\/www.europesays.com\/fr\/wp-json\/wp\/v2\/media?parent=541882"}],"wp:term":[{"taxonomy":"category","embeddable":true,"href":"https:\/\/www.europesays.com\/fr\/wp-json\/wp\/v2\/categories?post=541882"},{"taxonomy":"post_tag","embeddable":true,"href":"https:\/\/www.europesays.com\/fr\/wp-json\/wp\/v2\/tags?post=541882"}],"curies":[{"name":"wp","href":"https:\/\/api.w.org\/{rel}","templated":true}]}}