{"id":541894,"date":"2025-11-18T06:22:21","date_gmt":"2025-11-18T06:22:21","guid":{"rendered":"https:\/\/www.europesays.com\/fr\/541894\/"},"modified":"2025-11-18T06:22:21","modified_gmt":"2025-11-18T06:22:21","slug":"103-000-e-de-drogues-40-000-e-de-vehicules-et-dargent-saisis-deferlante-anti-stupefiants-des-gendarmes-de-quimper","status":"publish","type":"post","link":"https:\/\/www.europesays.com\/fr\/541894\/","title":{"rendered":"103\u00a0000\u00a0\u20ac de drogues, 40\u00a0000\u00a0\u20ac de v\u00e9hicules et d\u2019argent saisis\u2026 \u00ab\u00a0d\u00e9ferlante\u00a0\u00bb anti-stup\u00e9fiants des gendarmes de Quimper"},"content":{"rendered":"<p>Une \u00ab\u00a0d\u00e9ferlante\u00a0\u00bb bleue pour stopper la mar\u00e9e blanche de coca\u00efne et d\u2019autres drogues dans le Finist\u00e8re. Les gendarmes de Quimper ont men\u00e9, du 4 au 14 novembre, deux op\u00e9rations de lutte contre le trafic de stup\u00e9fiants. La premi\u00e8re affaire est partie de Ploz\u00e9vet, fin avril, lorsqu\u2019une personne \u00e2g\u00e9e a \u00e9t\u00e9 victime d\u2019une arnaque au faux banquier.<\/p>\n<p><img decoding=\"async\" src=\"https:\/\/www.europesays.com\/fr\/wp-content\/uploads\/2025\/11\/691b64708793e21a1c07a2ba.1.jpeg\" width=\"480\" height=\"300\" class=\"web_golden_m\" loading=\"lazy\" alt=\"La drogue saisie va \u00eatre d\u00e9truite.\"\/>La drogue saisie va \u00eatre d\u00e9truite. (Le T\u00e9l\u00e9gramme\/Claire Lagadic)<\/p>\n<p>Les militaires ont d\u00e9roul\u00e9 la pelote et sont remont\u00e9s jusqu\u2019\u00e0 un dealer de la r\u00e9gion de Brest. \u00c9coutes, filatures, surveillances\u2026 \u00ab\u00a0Nous avons remont\u00e9 d\u2019autres complices \u00e0 Brest et une nourrice \u00e0 Qu\u00e9ven, pr\u00e8s de Lorient, ainsi que d\u2019autres suspects \u00e0 Rennes et Nantes, r\u00e9sume le commandant Cl\u00e9ment Beck. Un dispositif a \u00e9t\u00e9 mis en place avec d\u2019autres Psig mais aussi des \u00e9quipes cynophiles. Sept personnes ont \u00e9t\u00e9 plac\u00e9es en garde \u00e0 vue. Six ont \u00e9t\u00e9 pr\u00e9sent\u00e9es \u00e0 un juge. Trois hommes sont en d\u00e9tention provisoire et trois femmes sous contr\u00f4le judiciaire. 17 g de coca\u00efne ont \u00e9t\u00e9 saisis ainsi que 2,538 kg de r\u00e9sine de cannabis, 380 cachets d\u2019ecstasy mais aussi trois motos et deux v\u00e9hicules. Chez la t\u00eate de r\u00e9seau, nous avons retrouv\u00e9 un pistolet de calibre 7-65 et des chargeurs de pistolet-mitrailleur 9 mm. C\u2019\u00e9tait une \u00e9quipe qui bougeait \u00e9norm\u00e9ment. Certains vendeurs venaient en train depuis Nantes.\u00a0\u00bb<\/p>\n<p>\u00ab\u00a0Travailler sur les trafiquants et les consommateurs\u00a0\u00bb<\/p>\n<p>L\u2019op\u00e9ration dite \u00ab\u00a0D\u00e9ferlante\u00a0\u00bb s\u2019est poursuivie la semaine derni\u00e8re autour de Quimper et vient conclure plusieurs mois d\u2019enqu\u00eate. \u00ab<a href=\"https:\/\/www.letelegramme.fr\/finistere\/quimper-29000\/heroine-cocaine-cannabis-une-equipe-de-trafiquants-chtis-arretee-par-les-gendarmes-de-quimper-6929049.php\" target=\"_blank\" rel=\"noopener\">\u00a0Il s\u2019agit l\u00e0 d\u2019un r\u00e9seau qui venait du nord de la France, autour de Dunkerque<\/a>, pr\u00e9cise le patron de la compagnie. Ils venaient par train ou par bus alimenter le secteur. Ils \u00e9taient h\u00e9berg\u00e9s et covoitur\u00e9s par des consommateurs locaux. Neuf personnes ont \u00e9t\u00e9 plac\u00e9es en garde \u00e0 vue. Elles ont \u00e9t\u00e9 interpell\u00e9es principalement \u00e0 Quimper mais aussi \u00e0 Pont-l\u2019Abb\u00e9 et Douarnenez.\u00a0\u00bb 336 g de coca\u00efne, presque 1 kg d\u2019h\u00e9ro\u00efne et 6\u00a0603 \u20ac ont \u00e9t\u00e9 d\u00e9couverts.<\/p>\n<p><img decoding=\"async\" src=\"https:\/\/www.europesays.com\/fr\/wp-content\/uploads\/2025\/11\/691b6470d64772d9730ec5d0.1.jpeg\" width=\"480\" height=\"300\" class=\"web_golden_m\" loading=\"lazy\" alt=\"Une importante quantit\u00e9 de drogues a \u00e9t\u00e9 r\u00e9cup\u00e9r\u00e9e.\"\/>Une importante quantit\u00e9 de drogues a \u00e9t\u00e9 r\u00e9cup\u00e9r\u00e9e. (Photo gendarmerie nationale)<\/p>\n<p>\u00ab\u00a0On va continuer \u00e0 travailler sur les trafiquants mais aussi les consommateurs\u00a0\u00bb, promet le commandant qui \u00ab\u00a0f\u00e9licite les enqu\u00eateurs\u00a0\u00bb. Au total, les deux op\u00e9rations ont permis aux gendarmes de mettre la main sur plus de 103\u00a0000 \u20ac de produits stup\u00e9fiants et sur 40\u00a0000 \u20ac de v\u00e9hicules et d\u2019argent liquide.<\/p>\n<p>\u00ab\u00a0R\u00e8glement de comptes, trafic d\u2019armes\u2026\u00a0\u00bb<\/p>\n<p>\u00ab\u00a0Depuis le d\u00e9but de l\u2019ann\u00e9e, dans le Finist\u00e8re, avant ces op\u00e9rations, 110 kg de cannabis, 19 kg de coca\u00efne, 3,5 kg d\u2019h\u00e9ro\u00efne et 860 cachets d\u2019ecstasy avaient \u00e9t\u00e9 saisis, indique Camille Dagorne, sous-pr\u00e9f\u00e8te, directrice de cabinet du pr\u00e9fet. Les services sont tr\u00e8s proactifs. Des actions multiformes sont men\u00e9es. Il faut rappeler que la lutte contre les trafics de produits stup\u00e9fiants est une grosse priorit\u00e9. Il y a un usage qui augmente et, derri\u00e8re, nous retrouvons des violences, des r\u00e8glements de comptes, le trafic d\u2019armes, l\u2019exploitation de mineurs mais aussi la violence routi\u00e8re.\u00a0\u00bb<\/p>\n","protected":false},"excerpt":{"rendered":"Une \u00ab\u00a0d\u00e9ferlante\u00a0\u00bb bleue pour stopper la mar\u00e9e blanche de coca\u00efne et d\u2019autres drogues dans le Finist\u00e8re. Les gendarmes&hellip;\n","protected":false},"author":2,"featured_media":541895,"comment_status":"","ping_status":"","sticky":false,"template":"","format":"standard","meta":{"footnotes":""},"categories":[4],"tags":[11,3321,1011,27,4555,12,3319,25],"class_list":{"0":"post-541894","1":"post","2":"type-post","3":"status-publish","4":"format-standard","5":"has-post-thumbnail","7":"category-france","8":"tag-actualites","9":"tag-finistere","10":"tag-fr","11":"tag-france","12":"tag-local","13":"tag-news","14":"tag-quimper","15":"tag-republique-francaise"},"share_on_mastodon":{"url":"https:\/\/pubeurope.com\/@fr\/115569266919294148","error":""},"_links":{"self":[{"href":"https:\/\/www.europesays.com\/fr\/wp-json\/wp\/v2\/posts\/541894","targetHints":{"allow":["GET"]}}],"collection":[{"href":"https:\/\/www.europesays.com\/fr\/wp-json\/wp\/v2\/posts"}],"about":[{"href":"https:\/\/www.europesays.com\/fr\/wp-json\/wp\/v2\/types\/post"}],"author":[{"embeddable":true,"href":"https:\/\/www.europesays.com\/fr\/wp-json\/wp\/v2\/users\/2"}],"replies":[{"embeddable":true,"href":"https:\/\/www.europesays.com\/fr\/wp-json\/wp\/v2\/comments?post=541894"}],"version-history":[{"count":0,"href":"https:\/\/www.europesays.com\/fr\/wp-json\/wp\/v2\/posts\/541894\/revisions"}],"wp:featuredmedia":[{"embeddable":true,"href":"https:\/\/www.europesays.com\/fr\/wp-json\/wp\/v2\/media\/541895"}],"wp:attachment":[{"href":"https:\/\/www.europesays.com\/fr\/wp-json\/wp\/v2\/media?parent=541894"}],"wp:term":[{"taxonomy":"category","embeddable":true,"href":"https:\/\/www.europesays.com\/fr\/wp-json\/wp\/v2\/categories?post=541894"},{"taxonomy":"post_tag","embeddable":true,"href":"https:\/\/www.europesays.com\/fr\/wp-json\/wp\/v2\/tags?post=541894"}],"curies":[{"name":"wp","href":"https:\/\/api.w.org\/{rel}","templated":true}]}}