{"id":541898,"date":"2025-11-18T06:24:16","date_gmt":"2025-11-18T06:24:16","guid":{"rendered":"https:\/\/www.europesays.com\/fr\/541898\/"},"modified":"2025-11-18T06:24:16","modified_gmt":"2025-11-18T06:24:16","slug":"rituals-remplace-superdry-sa-date-douverture-connue","status":"publish","type":"post","link":"https:\/\/www.europesays.com\/fr\/541898\/","title":{"rendered":"Rituals remplace Superdry, sa date d&rsquo;ouverture connue"},"content":{"rendered":"<p>                    Par<br \/>\n        <strong><br \/>\n            <a href=\"https:\/\/actu.fr\/auteur\/mathias-souteyrat\" title=\"Consulter tous les articles de Mathias Souteyrat\" rel=\"nofollow noopener\" target=\"_blank\">Mathias Souteyrat<\/a><br \/>\n                    <\/strong><\/p>\n<p>        Publi\u00e9 le<\/p>\n<p>            18 nov. 2025 \u00e0 6h54        <\/p>\n<p>La <a href=\"https:\/\/actu.fr\/auvergne-rhone-alpes\/saint-etienne_42218\/saint-etienne-rituals-ouvre-une-nouvelle-boutique-a-steel-ce-qu-il-faut-savoir_63234160.html\" rel=\"nofollow noopener\" target=\"_blank\">boutique Rituals<\/a> va ouvrir ses portes ce jeudi 20\u00a0novembre dans le <a href=\"https:\/\/actu.fr\/tag\/centre-commercial-steel\" rel=\"nofollow noopener\" target=\"_blank\">centre commercial Steel<\/a> \u00e0 <a href=\"https:\/\/actu.fr\/saint-etienne\/\" rel=\"nofollow noopener\" target=\"_blank\">Saint-Etienne<\/a>.<\/p>\n<p class=\" wall-content\">La marque hollandaise prend l\u2019emplacement commercial de Superdry. Elle s\u2019implantera sur une surface de plus de 200 m\u00b2 dans une nouvelle adresse st\u00e9phanoise.<\/p>\n<p class=\" wall-content\">\u00ab\u2009Cette ouverture viendra enrichir et densifier l\u2019offre beaut\u00e9 de Steel\u2009\u00bb, s\u2019\u00e9tait r\u00e9joui, Josselin Durand, le directeur de Steel, \u00e0 l\u2019\u00e9poque de l\u2019annonce de son implantation.<\/p>\n<p>Adopt parfums et Histoire d\u2019Or<\/p>\n<p class=\" wall-content\">N\u00e9e en 2000 \u00e0 Amsterdam, la marque de bien-\u00eatre Rituals associe soins pour le corps et produits pour la maison.<\/p>\n<p>    <img   decoding=\"async\" loading=\"lazy\" src=\"https:\/\/www.europesays.com\/fr\/wp-content\/uploads\/2025\/11\/charmeil-cg-960x640.jpg\" alt=\"Rituals - Steel - Saint-Etienne\" width=\"960\" height=\"640\"\/><br \/>\n    Rituals \u00e0 Steel Saint-Etienne. (\u00a9Charmeil CG)<\/p>\n<p class=\" wall-content\">Pour rappel, Rituals est d\u00e9j\u00e0 pr\u00e9sent dans l\u2019hyper-centre st\u00e9phanois, au 10 rue G\u00e9n\u00e9ral Foy. C\u2019est par ailleurs la seule adresse dans le d\u00e9partement de la Loire.<\/p>\n<p class=\" wall-content\">Dans la lign\u00e9e de cette ouverture, deux autres boutiques vont lui embo\u00eeter le pas \u00e0 Steel. Il s\u2019agit des enseignes Adopt parfums et Histoire d\u2019Or.<\/p>\n<p>Votre r\u00e9gion, votre actu !<\/p>\n<p>Recevez chaque jour les infos qui comptent pour vous.<\/p>\n<p>\t<a href=\"https:\/\/actu.fr\/newsletter\" class=\"ac-btn ac-btn--corner ac-btn--medium ac-btn--blue800\" rel=\"nofollow noopener\" target=\"_blank\">S&rsquo;incrire<\/a><\/p>\n<p>Informations pratiques\u2009: Rituals Saint-\u00c9tienne 2 Rue Ferrer. Du lundi au samedi de 9h30 \u00e0 19h30<\/p>\n<p class=\" wall-content\">Personnalisez votre actualit\u00e9 en ajoutant vos villes et m\u00e9dias en favori avec <a href=\"https:\/\/moncompte.actu.fr\" title=\"D\u00e9couvez Mon Actu\" rel=\"nofollow noopener\" data-trk=\"{&quot;cta&quot;:{&quot;action&quot;:&quot;https:\\\/\\\/moncompte.actu.fr&quot;,&quot;category&quot;:&quot;mon compte&quot;,&quot;from&quot;:&quot;article footer&quot;,&quot;name&quot;:&quot;Mon actu&quot;,&quot;type&quot;:&quot;cta&quot;}}\" target=\"_blank\">Mon Actu<\/a>.<\/p>\n","protected":false},"excerpt":{"rendered":"Par Mathias Souteyrat Publi\u00e9 le 18 nov. 2025 \u00e0 6h54 La boutique Rituals va ouvrir ses portes ce&hellip;\n","protected":false},"author":2,"featured_media":541899,"comment_status":"","ping_status":"","sticky":false,"template":"","format":"standard","meta":{"footnotes":""},"categories":[9653],"tags":[1111,11,2430,16733,215,33,1777,674,1011,27,12,3147,25,4001],"class_list":{"0":"post-541898","1":"post","2":"type-post","3":"status-publish","4":"format-standard","5":"has-post-thumbnail","7":"category-saint-etienne","8":"tag-actu","9":"tag-actualites","10":"tag-auvergne-rhone-alpes","11":"tag-centre-commercial-steel","12":"tag-commerce","13":"tag-economie","14":"tag-eu","15":"tag-europe","16":"tag-fr","17":"tag-france","18":"tag-news","19":"tag-nouveaux-commerces","20":"tag-republique-francaise","21":"tag-saint-etienne"},"share_on_mastodon":{"url":"https:\/\/pubeurope.com\/@fr\/115569273348030581","error":""},"_links":{"self":[{"href":"https:\/\/www.europesays.com\/fr\/wp-json\/wp\/v2\/posts\/541898","targetHints":{"allow":["GET"]}}],"collection":[{"href":"https:\/\/www.europesays.com\/fr\/wp-json\/wp\/v2\/posts"}],"about":[{"href":"https:\/\/www.europesays.com\/fr\/wp-json\/wp\/v2\/types\/post"}],"author":[{"embeddable":true,"href":"https:\/\/www.europesays.com\/fr\/wp-json\/wp\/v2\/users\/2"}],"replies":[{"embeddable":true,"href":"https:\/\/www.europesays.com\/fr\/wp-json\/wp\/v2\/comments?post=541898"}],"version-history":[{"count":0,"href":"https:\/\/www.europesays.com\/fr\/wp-json\/wp\/v2\/posts\/541898\/revisions"}],"wp:featuredmedia":[{"embeddable":true,"href":"https:\/\/www.europesays.com\/fr\/wp-json\/wp\/v2\/media\/541899"}],"wp:attachment":[{"href":"https:\/\/www.europesays.com\/fr\/wp-json\/wp\/v2\/media?parent=541898"}],"wp:term":[{"taxonomy":"category","embeddable":true,"href":"https:\/\/www.europesays.com\/fr\/wp-json\/wp\/v2\/categories?post=541898"},{"taxonomy":"post_tag","embeddable":true,"href":"https:\/\/www.europesays.com\/fr\/wp-json\/wp\/v2\/tags?post=541898"}],"curies":[{"name":"wp","href":"https:\/\/api.w.org\/{rel}","templated":true}]}}