{"id":54190,"date":"2025-04-26T10:49:13","date_gmt":"2025-04-26T10:49:13","guid":{"rendered":"https:\/\/www.europesays.com\/fr\/54190\/"},"modified":"2025-04-26T10:49:13","modified_gmt":"2025-04-26T10:49:13","slug":"de-strasbourg-a-lyon-vingt-mois-ferme-pour-neuf-range-rover-volees","status":"publish","type":"post","link":"https:\/\/www.europesays.com\/fr\/54190\/","title":{"rendered":"De Strasbourg \u00e0 Lyon. Vingt mois ferme pour neuf Range Rover vol\u00e9es"},"content":{"rendered":"<p>L\u2019arrestation de ce quadrag\u00e9naire pour au moins un vol de Range Rover, en Moselle du c\u00f4t\u00e9 de Sarreguemines, a conduit \u00e0 sa condamnation, en mars dernier en comparution imm\u00e9diate, \u00e0 quatre mois de prison ferme \u00e0 purger imm\u00e9diatement, avec interdiction d\u00e9finitive du territoire fran\u00e7ais. Cela a \u00e9galement permis d\u2019enqu\u00eater, gr\u00e2ce notamment \u00e0 son t\u00e9l\u00e9phone portable\u00a0: il se trouvait souvent l\u00e0 o\u00f9 des vols de v\u00e9hicules de la m\u00eame marque avaient \u00e9t\u00e9 commis, avant de \u201cborner\u201d en Allemagne.<\/p>\n<p>Vasile Ciumeica, un homme de 41 ans de nationalit\u00e9 moldave, a fini par reconna\u00eetre neuf autres vols et une tentative de vol, commis entre le 11\u00a0d\u00e9cembre 2024 et le 20\u00a0f\u00e9vrier 2025\u00a0: six dans le Bas-Rhin \u00e0 Strasbourg, Gambsheim et Barr, deux en Meurthe-et-Moselle \u00e0 Tomblaine et Laneuveville-devant-Nancy, et deux dans le Rh\u00f4ne \u00e0 Lyon et Saint-Laurent-de-Mure.<\/p>\n<p>  Plus d\u2019un million d\u2019euros de pr\u00e9judice<\/p>\n<p>\u00ab\u00a0Un homme intervenait dans les v\u00e9hicules pour que je puisse les d\u00e9marrer, un autre soulevait la barri\u00e8re des parkings si n\u00e9cessaire, puis je devais conduire et passer la fronti\u00e8re. Je n\u2019ai touch\u00e9 que 1\u00a0000\u00a0\u20ac au total, j\u2019ai besoin d\u2019argent pour me faire op\u00e9rer en raison d\u2019un grave probl\u00e8me de sant\u00e9. En France, ce serait d\u2019ailleurs mieux qu\u2019en Moldavie\u00a0\u00bb, a lanc\u00e9 le pr\u00e9venu, qui habite en Belgique depuis quatre ans avec deux hommes \u00ab\u00a0pour le travail\u00a0\u00bb.<\/p>\n<p>Si rien ne permet de v\u00e9rifier combien il a \u00e9t\u00e9 r\u00e9mun\u00e9r\u00e9 pour ces vols, le pr\u00e9judice total d\u00e9passe le million d\u2019euros. Sur neuf v\u00e9hicules vol\u00e9s, un seul \u2013 d\u00e9rob\u00e9 \u00e0 Strasbourg \u2013 a \u00e9t\u00e9 retrouv\u00e9, en Allemagne \u00e0 Sarrebruck sur le parking d\u2019un h\u00f4pital, mais \u00ab\u00a0d\u00e9soss\u00e9\u00a0\u00bb \u00e0 l\u2019int\u00e9rieur, sans doute pour enlever le syst\u00e8me de g\u00e9olocalisation.<\/p>\n<p>Conform\u00e9ment aux r\u00e9quisitions du parquet, Vasile Ciumeica a \u00e9t\u00e9 condamn\u00e9 \u00e0 vingt mois de prison avec maintien en d\u00e9tention, une peine qui absorbe celle de quatre mois dont il a \u00e9cop\u00e9 le mois dernier. Lorsqu\u2019il sera lib\u00e9r\u00e9, il sera d\u00e9finitivement interdit de territoire fran\u00e7ais.<\/p>\n","protected":false},"excerpt":{"rendered":"L\u2019arrestation de ce quadrag\u00e9naire pour au moins un vol de Range Rover, en Moselle du c\u00f4t\u00e9 de Sarreguemines,&hellip;\n","protected":false},"author":2,"featured_media":54191,"comment_status":"","ping_status":"","sticky":false,"template":"","format":"standard","meta":{"footnotes":""},"categories":[2820],"tags":[1111,11,2389,5065,271,272,2413,1777,674,274,107,1011,27,775,1637,12,25,14851,640],"class_list":{"0":"post-54190","1":"post","2":"type-post","3":"status-publish","4":"format-standard","5":"has-post-thumbnail","7":"category-strasbourg","8":"tag-actu","9":"tag-actualites","10":"tag-alsace","11":"tag-colmar","12":"tag-crime","13":"tag-delit-et-contravention","14":"tag-edition-colmar-guebwiller","15":"tag-eu","16":"tag-europe","17":"tag-faits-divers-justice","18":"tag-fil-info","19":"tag-fr","20":"tag-france","21":"tag-grand-est","22":"tag-haut-rhin","23":"tag-news","24":"tag-republique-francaise","25":"tag-secteur-de-colmar","26":"tag-strasbourg"},"share_on_mastodon":{"url":"https:\/\/pubeurope.com\/@fr\/114403879441718720","error":""},"_links":{"self":[{"href":"https:\/\/www.europesays.com\/fr\/wp-json\/wp\/v2\/posts\/54190","targetHints":{"allow":["GET"]}}],"collection":[{"href":"https:\/\/www.europesays.com\/fr\/wp-json\/wp\/v2\/posts"}],"about":[{"href":"https:\/\/www.europesays.com\/fr\/wp-json\/wp\/v2\/types\/post"}],"author":[{"embeddable":true,"href":"https:\/\/www.europesays.com\/fr\/wp-json\/wp\/v2\/users\/2"}],"replies":[{"embeddable":true,"href":"https:\/\/www.europesays.com\/fr\/wp-json\/wp\/v2\/comments?post=54190"}],"version-history":[{"count":0,"href":"https:\/\/www.europesays.com\/fr\/wp-json\/wp\/v2\/posts\/54190\/revisions"}],"wp:featuredmedia":[{"embeddable":true,"href":"https:\/\/www.europesays.com\/fr\/wp-json\/wp\/v2\/media\/54191"}],"wp:attachment":[{"href":"https:\/\/www.europesays.com\/fr\/wp-json\/wp\/v2\/media?parent=54190"}],"wp:term":[{"taxonomy":"category","embeddable":true,"href":"https:\/\/www.europesays.com\/fr\/wp-json\/wp\/v2\/categories?post=54190"},{"taxonomy":"post_tag","embeddable":true,"href":"https:\/\/www.europesays.com\/fr\/wp-json\/wp\/v2\/tags?post=54190"}],"curies":[{"name":"wp","href":"https:\/\/api.w.org\/{rel}","templated":true}]}}