{"id":541904,"date":"2025-11-18T06:28:23","date_gmt":"2025-11-18T06:28:23","guid":{"rendered":"https:\/\/www.europesays.com\/fr\/541904\/"},"modified":"2025-11-18T06:28:23","modified_gmt":"2025-11-18T06:28:23","slug":"asse-pluie-de-bonnes-nouvelles-avant-nancy","status":"publish","type":"post","link":"https:\/\/www.europesays.com\/fr\/541904\/","title":{"rendered":"ASSE : pluie de bonnes nouvelles avant Nancy\u00a0"},"content":{"rendered":"<p>L\u2019AS Saint-\u00c9tienne s\u2019appr\u00eate \u00e0 d\u00e9fier Nancy (samedi, 20h), mais la tr\u00eave internationale laisse planer une v\u00e9ritable incertitude sur la pr\u00e9paration des Verts m\u00eame si ces derniers reviendront en masse au cours de la semaine.<\/p>\n<p><strong>Quels internationaux sont encore mobilis\u00e9s \u00e0 l\u2019\u00e9tranger ?<\/strong><\/p>\n<p>Au total, cette semaine, plusieurs joueurs majeurs de l\u2019effectif st\u00e9phanois ont repr\u00e9sent\u00e9 leur pays, repoussant leur retour en France \u00e0 la derni\u00e8re limite. <strong>Ben Old<\/strong>, buteur et \u00e9lu homme du match avec la Nouvelle-Z\u00e9lande face \u00e0 la Colombie, a encha\u00een\u00e9 deux rencontres amicales entre New York et l\u2019Equateur, et ne devrait retrouver l\u2019\u00c9trat que vendredi, avec un lourd d\u00e9calage horaire \u00e0 dig\u00e9rer. M\u00eame combat pour Ebenezer <strong>Annan<\/strong>, qui prolonge son s\u00e9jour en Asie pour un second match sous le maillot du Ghana en Cor\u00e9e du Sud. Davitashvili, quant \u00e0 lui, participe \u00e0 une campagne difficile avec la G\u00e9orgie, encore en d\u00e9placement en Bulgarie. Plusieurs jeunes espoirs du groupe pro, dont El Jamali, Dodote et Gadegbeku (U19), ou encore Stojkovic, \u00e9voluent aussi \u00e0 l\u2019\u00e9tranger cette semaine, disputant leur dernier match en Hongrie ou face \u00e0 la Croatie. Autant de retours tardifs qui amputent s\u00e9rieusement la pr\u00e9paration collective des Verts.<\/p>\n<p><strong>Retours esp\u00e9r\u00e9s et incertitudes sur la pr\u00e9paration<\/strong><\/p>\n<p>Bonne nouvelle pour le staff st\u00e9phanois\u00a0: certains internationaux devraient vite r\u00e9int\u00e9grer le groupe. <strong>Mahmoud Jaber<\/strong>, solide au coeur du jeu, a boucl\u00e9 son stage international avec une victoire ma\u00eetris\u00e9e contre la Moldavie, synonyme de fin de mission anticip\u00e9e pour Isra\u00ebl. Selon <a href=\"https:\/\/www.envertetcontretous.fr\/articles\/asse-un-premier-retour-ce-lundi-un-groupe-au-complet-vendredi-71084-1.html?utm_campaign=post-auto&amp;utm_medium=twitter\" target=\"_blank\" rel=\"noopener\">EVECT<\/a>, il devait rentrer hier soir dans le Forez. Lucas Stassin, battu avec les Espoirs belges vendredi, n\u2019\u00e9tant pas concern\u00e9 par un deuxi\u00e8me match, est attendu rapidement \u00e0 l\u2019entra\u00eenement. Reste \u00e0 surveiller le retour d\u2019Irvin <strong>Cardona<\/strong>, performant en Pologne mardi soir, qui devrait poser ses valises dans la Loire d\u2019ici mercredi ou jeudi. Eirik Horneland devra adapter l\u2019effectif en fonction de l\u2019\u00e9tat de forme de chacun. Par ailleurs, la gestion du temps de jeu ou le risque d\u2019accumuler la fatigue sont \u00e0 surveiller pour des \u00e9l\u00e9ments aussi sollicit\u00e9s.<\/p>\n<p><strong>Un choc thermique \u00e0 pr\u00e9voir pour les Verts\u00a0?<\/strong><\/p>\n<p>Dernier d\u00e9fi, et non des moindres\u00a0: apr\u00e8s avoir jou\u00e9 sous des climats vari\u00e9s et parfois extr\u00eames, plusieurs joueurs de l\u2019ASSE risquent de subir un v\u00e9ritable choc climatique \u00e0 leur retour. Les temp\u00e9ratures pr\u00e9vues \u00e0 Saint-\u00c9tienne samedi devraient contraster fortement avec celles rencontr\u00e9es \u00e0 New York, S\u00e9oul ou m\u00eame Sofia. Une adaptation express sera donc n\u00e9cessaire pour permettre aux internationaux de se remettre rapidement dans le rythme du football hexagonal. Avec une pr\u00e9paration morcel\u00e9e et un groupe partiellement recompos\u00e9 au dernier moment, la gestion des organismes avant la r\u00e9ception de Nancy s\u2019annonce cruciale. Les prochains entra\u00eenements permettront d\u2019affiner les choix d\u2019Eirik Horneland\u2026 et de lever peu \u00e0 peu le voile sur les vraies forces des Verts, pr\u00eats, ou non, \u00e0 affronter le d\u00e9fi nanc\u00e9ien.<\/p>\n","protected":false},"excerpt":{"rendered":"L\u2019AS Saint-\u00c9tienne s\u2019appr\u00eate \u00e0 d\u00e9fier Nancy (samedi, 20h), mais la tr\u00eave internationale laisse planer une v\u00e9ritable incertitude sur&hellip;\n","protected":false},"author":2,"featured_media":541905,"comment_status":"","ping_status":"","sticky":false,"template":"","format":"standard","meta":{"footnotes":""},"categories":[9635],"tags":[1111,11,448,1777,674,63,1011,27,775,66,3388,1702,12,25,10662],"class_list":{"0":"post-541904","1":"post","2":"type-post","3":"status-publish","4":"format-standard","5":"has-post-thumbnail","7":"category-nancy","8":"tag-actu","9":"tag-actualites","10":"tag-champions-league","11":"tag-eu","12":"tag-europe","13":"tag-football","14":"tag-fr","15":"tag-france","16":"tag-grand-est","17":"tag-ligue-1","18":"tag-matchs","19":"tag-nancy","20":"tag-news","21":"tag-republique-francaise","22":"tag-transferts"},"share_on_mastodon":{"url":"https:\/\/pubeurope.com\/@fr\/115569289335736301","error":""},"_links":{"self":[{"href":"https:\/\/www.europesays.com\/fr\/wp-json\/wp\/v2\/posts\/541904","targetHints":{"allow":["GET"]}}],"collection":[{"href":"https:\/\/www.europesays.com\/fr\/wp-json\/wp\/v2\/posts"}],"about":[{"href":"https:\/\/www.europesays.com\/fr\/wp-json\/wp\/v2\/types\/post"}],"author":[{"embeddable":true,"href":"https:\/\/www.europesays.com\/fr\/wp-json\/wp\/v2\/users\/2"}],"replies":[{"embeddable":true,"href":"https:\/\/www.europesays.com\/fr\/wp-json\/wp\/v2\/comments?post=541904"}],"version-history":[{"count":0,"href":"https:\/\/www.europesays.com\/fr\/wp-json\/wp\/v2\/posts\/541904\/revisions"}],"wp:featuredmedia":[{"embeddable":true,"href":"https:\/\/www.europesays.com\/fr\/wp-json\/wp\/v2\/media\/541905"}],"wp:attachment":[{"href":"https:\/\/www.europesays.com\/fr\/wp-json\/wp\/v2\/media?parent=541904"}],"wp:term":[{"taxonomy":"category","embeddable":true,"href":"https:\/\/www.europesays.com\/fr\/wp-json\/wp\/v2\/categories?post=541904"},{"taxonomy":"post_tag","embeddable":true,"href":"https:\/\/www.europesays.com\/fr\/wp-json\/wp\/v2\/tags?post=541904"}],"curies":[{"name":"wp","href":"https:\/\/api.w.org\/{rel}","templated":true}]}}