{"id":541914,"date":"2025-11-18T06:34:39","date_gmt":"2025-11-18T06:34:39","guid":{"rendered":"https:\/\/www.europesays.com\/fr\/541914\/"},"modified":"2025-11-18T06:34:39","modified_gmt":"2025-11-18T06:34:39","slug":"le-xviiie-congres-de-la-fraternite-orthodoxe-aura-lieu-pres-de-rouen-du-30-avril-au-3-mai-2026","status":"publish","type":"post","link":"https:\/\/www.europesays.com\/fr\/541914\/","title":{"rendered":"Le XVIIIe Congr\u00e8s de la Fraternit\u00e9 orthodoxe aura lieu pr\u00e8s de Rouen du 30 avril au 3 mai 2026"},"content":{"rendered":"<p>Le XVIIIe <a href=\"https:\/\/orthodoxie.com\/?s=Congr%C3%A8s+de+la+Fraternit%C3%A9+orthodoxe\" target=\"_blank\" rel=\"noreferrer noopener nofollow\">Congr\u00e8s<\/a> de la <a href=\"https:\/\/fraternite-orthodoxe.eu\/bis\/\" target=\"_blank\" rel=\"noreferrer noopener nofollow\">Fraternit\u00e9 orthodoxe<\/a> en Europe occidentale (affiche ci-dessous) aura lieu pr\u00e8s de Rouen du 30 avril au 3 mai prochains. Il aura pour th\u00e8me : \u00ab\u00a0Ne crains pas, crois seulement. Esp\u00e9rer dans un monde en crise\u00ab\u00a0. Une pr\u00e9sentation <strong><a href=\"https:\/\/fraternite-orthodoxe.eu\/bis\/wp-content\/uploads\/2025\/09\/Affiche.pdf\" target=\"_blank\" rel=\"noreferrer noopener nofollow\">est propos\u00e9e ici<\/a><\/strong>. Sur <strong><a href=\"https:\/\/fraternite-orthodoxe.eu\/bis\/preparation-du-xviiie-congres\/\" target=\"_blank\" rel=\"noreferrer noopener nofollow\">cette autre page<\/a><\/strong> des comptes rendus de r\u00e9unions pr\u00e9paratoires au congr\u00e8s ainsi que de la journ\u00e9e de r\u00e9flexion et de pr\u00e9paration (5 octobre 2024) sont en ligne. Les inscriptions seront ouvertes prochainement.<\/p>\n<p><img loading=\"lazy\" decoding=\"async\" width=\"741\" height=\"1024\" alt=\"Affiche 2026\" class=\"wp-image-234355 perfmatters-lazy\" src=\"https:\/\/www.europesays.com\/fr\/wp-content\/uploads\/2025\/11\/Affiche_2026-741x1024.jpg\"  data-\/>\t\t<\/p>\n","protected":false},"excerpt":{"rendered":"Le XVIIIe Congr\u00e8s de la Fraternit\u00e9 orthodoxe en Europe occidentale (affiche ci-dessous) aura lieu pr\u00e8s de Rouen du&hellip;\n","protected":false},"author":2,"featured_media":541915,"comment_status":"","ping_status":"","sticky":false,"template":"","format":"standard","meta":{"footnotes":""},"categories":[9587],"tags":[1111,11,1777,674,1011,27,12,5161,25,9590],"class_list":{"0":"post-541914","1":"post","2":"type-post","3":"status-publish","4":"format-standard","5":"has-post-thumbnail","7":"category-rouen","8":"tag-actu","9":"tag-actualites","10":"tag-eu","11":"tag-europe","12":"tag-fr","13":"tag-france","14":"tag-news","15":"tag-normandie","16":"tag-republique-francaise","17":"tag-rouen"},"share_on_mastodon":{"url":"https:\/\/pubeurope.com\/@fr\/115569313300310519","error":""},"_links":{"self":[{"href":"https:\/\/www.europesays.com\/fr\/wp-json\/wp\/v2\/posts\/541914","targetHints":{"allow":["GET"]}}],"collection":[{"href":"https:\/\/www.europesays.com\/fr\/wp-json\/wp\/v2\/posts"}],"about":[{"href":"https:\/\/www.europesays.com\/fr\/wp-json\/wp\/v2\/types\/post"}],"author":[{"embeddable":true,"href":"https:\/\/www.europesays.com\/fr\/wp-json\/wp\/v2\/users\/2"}],"replies":[{"embeddable":true,"href":"https:\/\/www.europesays.com\/fr\/wp-json\/wp\/v2\/comments?post=541914"}],"version-history":[{"count":0,"href":"https:\/\/www.europesays.com\/fr\/wp-json\/wp\/v2\/posts\/541914\/revisions"}],"wp:featuredmedia":[{"embeddable":true,"href":"https:\/\/www.europesays.com\/fr\/wp-json\/wp\/v2\/media\/541915"}],"wp:attachment":[{"href":"https:\/\/www.europesays.com\/fr\/wp-json\/wp\/v2\/media?parent=541914"}],"wp:term":[{"taxonomy":"category","embeddable":true,"href":"https:\/\/www.europesays.com\/fr\/wp-json\/wp\/v2\/categories?post=541914"},{"taxonomy":"post_tag","embeddable":true,"href":"https:\/\/www.europesays.com\/fr\/wp-json\/wp\/v2\/tags?post=541914"}],"curies":[{"name":"wp","href":"https:\/\/api.w.org\/{rel}","templated":true}]}}