{"id":541918,"date":"2025-11-18T06:38:20","date_gmt":"2025-11-18T06:38:20","guid":{"rendered":"https:\/\/www.europesays.com\/fr\/541918\/"},"modified":"2025-11-18T06:38:20","modified_gmt":"2025-11-18T06:38:20","slug":"camlez-les-piqueuses-didees-creatives-malgre-tout","status":"publish","type":"post","link":"https:\/\/www.europesays.com\/fr\/541918\/","title":{"rendered":"Camlez. Les Piqueuses d\u2019id\u00e9es, cr\u00e9atives malgr\u00e9 tout"},"content":{"rendered":"<p>Les Piqueuses d\u2019id\u00e9es de Camlez ont tenu leur assembl\u00e9e g\u00e9n\u00e9rale samedi matin. Cr\u00e9\u00e9e en 2021, l\u2019association propose des cours de couture dans un moment de partage. \u00a0Il s\u2019agit de coudre ensemble\u00a0, explique Magali Adam, animatrice. Chaque adh\u00e9rent apporte son mat\u00e9riel et travaille sur son projet.<\/p>\n<p>Les ateliers de deux heures ont lieu un mardi sur deux, de 14\u00a0h \u00e0 16\u00a0h et de 19\u00a0h\u00a030 \u00e0 21\u00a0h\u00a030. \u00a0Il reste surtout des places en soir\u00e9e\u00a0, souligne la pr\u00e9sidente Dominique Le Normand.<\/p>\n<p>Il faudra se passer de la salle polyvalente<\/p>\n<p>L\u2019association, habituellement h\u00e9berg\u00e9e \u00e0 la salle polyvalente en travaux, pensait y revenir apr\u00e8s r\u00e9novation. Mais Yann Laurent, \u00e9lu en charge des associations, a annonc\u00e9 que son usage et ses tarifs sont en r\u00e9vision et qu\u2019un retour n\u2019est plus pr\u00e9vu.<\/p>\n<p>\u00a0C\u2019est une grosse d\u00e9ception pour nous\u00a0, confient les membres, qui demandent alors d\u2019am\u00e9liorer le chauffage \u00e0 la salle Terre d\u2019Ajoncs. \u00a0J\u2019ai bien not\u00e9 vos revendications\u00a0, a r\u00e9pondu le conseiller municipal.<\/p>\n<p>Les adh\u00e9rentes souhaitent \u00e9galement le remplacement des tables de travail de la salle Terre d\u2019Ajoncs, jug\u00e9es trop lourdes et difficiles \u00e0 manipuler. \u00a0Nous n\u2019avons pas d\u2019hommes dans l\u2019association\u00a0, pr\u00e9cisent-elles. L\u2019association lance un appel\u00a0: \u00ab\u00a0D\u00e9butants ou confirm\u00e9s, vous \u00eates les bienvenus pour nous rejoindre\u00a0! Nous comptons d\u00e9j\u00e0 onze\u00a0participantes le mardi apr\u00e8s-midi. C\u2019est surtout en soir\u00e9e que nous avons besoin de nouveaux inscrits.\u00a0<\/p>\n<p>Le projet phare de 2026 sera l\u2019apprentissage de la r\u00e9alisation d\u2019un patron \u00e0 sa taille pour un pyjama d\u2019int\u00e9rieur. \u00a0Nous pouvons compter sur l\u2019aide pr\u00e9cieuse de Magali\u00a0, appr\u00e9cient les b\u00e9n\u00e9voles. Adh\u00e9sion\u00a0: 75\u00a0\u20ac\/an. Le bureau a \u00e9t\u00e9 reconduit.<\/p>\n<p><strong>Contact\u00a0:<\/strong> t\u00e9l.\u00a006\u00a013\u00a020\u00a019\u00a037 ou au 06\u00a013\u00a083\u00a086\u00a052.<\/p>\n<p>\u00a0<\/p>\n","protected":false},"excerpt":{"rendered":"Les Piqueuses d\u2019id\u00e9es de Camlez ont tenu leur assembl\u00e9e g\u00e9n\u00e9rale samedi matin. Cr\u00e9\u00e9e en 2021, l\u2019association propose des&hellip;\n","protected":false},"author":2,"featured_media":541919,"comment_status":"","ping_status":"","sticky":false,"template":"","format":"standard","meta":{"footnotes":""},"categories":[2821],"tags":[1111,11,829,66015,56838,1777,674,1011,27,4044,3246,12,66016,584,25],"class_list":{"0":"post-541918","1":"post","2":"type-post","3":"status-publish","4":"format-standard","5":"has-post-thumbnail","7":"category-rennes","8":"tag-actu","9":"tag-actualites","10":"tag-bretagne","11":"tag-camlez","12":"tag-creatives","13":"tag-eu","14":"tag-europe","15":"tag-fr","16":"tag-france","17":"tag-guingamp","18":"tag-idees","19":"tag-news","20":"tag-piqueuses","21":"tag-rennes","22":"tag-republique-francaise"},"share_on_mastodon":{"url":"https:\/\/pubeurope.com\/@fr\/115569329211300010","error":""},"_links":{"self":[{"href":"https:\/\/www.europesays.com\/fr\/wp-json\/wp\/v2\/posts\/541918","targetHints":{"allow":["GET"]}}],"collection":[{"href":"https:\/\/www.europesays.com\/fr\/wp-json\/wp\/v2\/posts"}],"about":[{"href":"https:\/\/www.europesays.com\/fr\/wp-json\/wp\/v2\/types\/post"}],"author":[{"embeddable":true,"href":"https:\/\/www.europesays.com\/fr\/wp-json\/wp\/v2\/users\/2"}],"replies":[{"embeddable":true,"href":"https:\/\/www.europesays.com\/fr\/wp-json\/wp\/v2\/comments?post=541918"}],"version-history":[{"count":0,"href":"https:\/\/www.europesays.com\/fr\/wp-json\/wp\/v2\/posts\/541918\/revisions"}],"wp:featuredmedia":[{"embeddable":true,"href":"https:\/\/www.europesays.com\/fr\/wp-json\/wp\/v2\/media\/541919"}],"wp:attachment":[{"href":"https:\/\/www.europesays.com\/fr\/wp-json\/wp\/v2\/media?parent=541918"}],"wp:term":[{"taxonomy":"category","embeddable":true,"href":"https:\/\/www.europesays.com\/fr\/wp-json\/wp\/v2\/categories?post=541918"},{"taxonomy":"post_tag","embeddable":true,"href":"https:\/\/www.europesays.com\/fr\/wp-json\/wp\/v2\/tags?post=541918"}],"curies":[{"name":"wp","href":"https:\/\/api.w.org\/{rel}","templated":true}]}}