{"id":541922,"date":"2025-11-18T06:40:16","date_gmt":"2025-11-18T06:40:16","guid":{"rendered":"https:\/\/www.europesays.com\/fr\/541922\/"},"modified":"2025-11-18T06:40:16","modified_gmt":"2025-11-18T06:40:16","slug":"une-mini-patinoire-installee-en-hypercentre-pendant-le-marche-de-noel-voici-ou","status":"publish","type":"post","link":"https:\/\/www.europesays.com\/fr\/541922\/","title":{"rendered":"une mini-patinoire install\u00e9e en hypercentre pendant le march\u00e9 de No\u00ebl, voici o\u00f9"},"content":{"rendered":"<p>                    Par<br \/>\n        <strong><br \/>\n            <a href=\"https:\/\/actu.fr\/auteur\/ivan-capecchi\" title=\"Consulter tous les articles de Ivan CAPECCHI\" target=\"_blank\" rel=\"noopener\">Ivan CAPECCHI<\/a><br \/>\n                    <\/strong><\/p>\n<p>        Publi\u00e9 le<\/p>\n<p>            18 nov. 2025 \u00e0 7h02        <\/p>\n<p>Le <a href=\"https:\/\/actu.fr\/grand-est\/strasbourg_67482\/sofitel-strasbourg-fete-ses-60-ans-decouvrez-10-faits-surprenants-sur-cet-hotel-emblematique_60511307.html\" target=\"_blank\" rel=\"noopener\">Sofitel Strasbourg Grande \u00cele<\/a> installera une<strong> patinoire de 9\u00d79 m\u00e8tres<\/strong> accessible \u00e0 tous <strong>du 22 novembre au 28 d\u00e9cembre 2025<\/strong>, pendant la p\u00e9riode du <a href=\"https:\/\/actu.fr\/grand-est\/strasbourg_67482\/strasbourg-les-dates-du-marche-de-noel-2025-sont-connues_62710676.html\" target=\"_blank\" rel=\"noopener\">march\u00e9 de No\u00ebl<\/a>. Elle sera ouverte chaque jour, <strong>de 11h \u00e0 19h<\/strong>, au tarif de <strong>6 \u20ac les 30 minutes<\/strong>. La <strong>location de patins<\/strong> sera propos\u00e9e \u00e0 <strong>3 \u20ac<\/strong>, et le port de gants, obligatoire.\u00a0<\/p>\n<p>La patinoire install\u00e9e au pied du sapin de l\u2019h\u00f4tel<\/p>\n<p class=\" wall-content\">Cette patinoire prendra place au pied du sapin de l\u2019h\u00f4tel, dans le d\u00e9cor mis en place pour la p\u00e9riode des f\u00eates.<\/p>\n<p class=\" wall-content\">En compl\u00e9ment, l\u2019\u00e9tablissement annonce plusieurs <a href=\"https:\/\/actu.fr\/tag\/animations\" target=\"_blank\" rel=\"noopener\">animations<\/a> : un <strong>concert gospel le 21 novembre<\/strong>, un <strong>go\u00fbter quotidien de 15h \u00e0 17h<\/strong>, un <strong>restaurant \u00e9ph\u00e9m\u00e8re d\u00e9di\u00e9 aux raclettes<\/strong>, ainsi que les services habituels de la Brasserie \u2013 le nom du <a href=\"https:\/\/actu.fr\/grand-est\/strasbourg_67482\/sofitel-strasbourg-le-restaurant-de-l-hotel-5-etoiles-propose-un-plat-du-jour-a-21-je-l-ai-teste-pour-vous_62588206.html\" target=\"_blank\" rel=\"noopener\">restaurant de l\u2019h\u00f4tel 5 \u00e9toiles<\/a> \u2013 et du bar.<\/p>\n<p class=\" wall-content\">Personnalisez votre actualit\u00e9 en ajoutant vos villes et m\u00e9dias en favori avec <a href=\"https:\/\/moncompte.actu.fr\" title=\"D\u00e9couvez Mon Actu\" rel=\"nofollow noopener\" data-trk=\"{&quot;cta&quot;:{&quot;action&quot;:&quot;https:\\\/\\\/moncompte.actu.fr&quot;,&quot;category&quot;:&quot;mon compte&quot;,&quot;from&quot;:&quot;article footer&quot;,&quot;name&quot;:&quot;Mon actu&quot;,&quot;type&quot;:&quot;cta&quot;}}\" target=\"_blank\">Mon Actu<\/a>.<\/p>\n","protected":false},"excerpt":{"rendered":"Par Ivan CAPECCHI Publi\u00e9 le 18 nov. 2025 \u00e0 7h02 Le Sofitel Strasbourg Grande \u00cele installera une patinoire&hellip;\n","protected":false},"author":2,"featured_media":541923,"comment_status":"","ping_status":"","sticky":false,"template":"","format":"standard","meta":{"footnotes":""},"categories":[2820],"tags":[1111,11,1063,1777,674,1011,27,775,12,15830,25,1340,104,640],"class_list":{"0":"post-541922","1":"post","2":"type-post","3":"status-publish","4":"format-standard","5":"has-post-thumbnail","7":"category-strasbourg","8":"tag-actu","9":"tag-actualites","10":"tag-animations","11":"tag-eu","12":"tag-europe","13":"tag-fr","14":"tag-france","15":"tag-grand-est","16":"tag-news","17":"tag-noel","18":"tag-republique-francaise","19":"tag-restaurant","20":"tag-societe","21":"tag-strasbourg"},"share_on_mastodon":{"url":"https:\/\/pubeurope.com\/@fr\/115569336327771548","error":""},"_links":{"self":[{"href":"https:\/\/www.europesays.com\/fr\/wp-json\/wp\/v2\/posts\/541922","targetHints":{"allow":["GET"]}}],"collection":[{"href":"https:\/\/www.europesays.com\/fr\/wp-json\/wp\/v2\/posts"}],"about":[{"href":"https:\/\/www.europesays.com\/fr\/wp-json\/wp\/v2\/types\/post"}],"author":[{"embeddable":true,"href":"https:\/\/www.europesays.com\/fr\/wp-json\/wp\/v2\/users\/2"}],"replies":[{"embeddable":true,"href":"https:\/\/www.europesays.com\/fr\/wp-json\/wp\/v2\/comments?post=541922"}],"version-history":[{"count":0,"href":"https:\/\/www.europesays.com\/fr\/wp-json\/wp\/v2\/posts\/541922\/revisions"}],"wp:featuredmedia":[{"embeddable":true,"href":"https:\/\/www.europesays.com\/fr\/wp-json\/wp\/v2\/media\/541923"}],"wp:attachment":[{"href":"https:\/\/www.europesays.com\/fr\/wp-json\/wp\/v2\/media?parent=541922"}],"wp:term":[{"taxonomy":"category","embeddable":true,"href":"https:\/\/www.europesays.com\/fr\/wp-json\/wp\/v2\/categories?post=541922"},{"taxonomy":"post_tag","embeddable":true,"href":"https:\/\/www.europesays.com\/fr\/wp-json\/wp\/v2\/tags?post=541922"}],"curies":[{"name":"wp","href":"https:\/\/api.w.org\/{rel}","templated":true}]}}