{"id":541930,"date":"2025-11-18T06:44:19","date_gmt":"2025-11-18T06:44:19","guid":{"rendered":"https:\/\/www.europesays.com\/fr\/541930\/"},"modified":"2025-11-18T06:44:19","modified_gmt":"2025-11-18T06:44:19","slug":"un-homme-interpelle-a-la-gare-de-nantes","status":"publish","type":"post","link":"https:\/\/www.europesays.com\/fr\/541930\/","title":{"rendered":"un homme interpell\u00e9 \u00e0 la gare de Nantes"},"content":{"rendered":"<p>                    Par<br \/>\n        <strong><br \/>\n            <a href=\"https:\/\/actu.fr\/auteur\/thomas-bernard\" title=\"Consulter tous les articles de Thomas Bernard\" rel=\"nofollow noopener\" target=\"_blank\">Thomas Bernard<\/a><br \/>\n                    <\/strong><\/p>\n<p>        Publi\u00e9 le<\/p>\n<p>            18 nov. 2025 \u00e0 6h46        <\/p>\n<p>Un voyage choquant. Ce dimanche 16\u00a0novembre 2025, <b>une jeune fille de 14\u00a0ans <\/b>est \u00e0 bord d\u2019un TER au d\u00e9part de la <a href=\"https:\/\/actu.fr\/pays-de-la-loire\/la-roche-sur-yon_85191\" rel=\"nofollow noopener\" target=\"_blank\">Roche-sur-Yon<\/a> en direction de Nantes. Dans le train, un homme s\u2019assoit en face et commence \u00e0 se toucher le sexe devant l\u2019adolescente.<\/p>\n<p>L\u2019homme en garde \u00e0 vue<\/p>\n<p class=\" wall-content\">\u00ab\u2009Malgr\u00e9 le choc, elle a <b>eu le r\u00e9flexe de filmer la sc\u00e8ne et a eu une bonne r\u00e9action\u2009\u00bb<\/b>, rapporte une source polici\u00e8re. La jeune fille prend en vid\u00e9o l\u2019individu et envoie un SMS \u00e0 sa m\u00e8re.<\/p>\n<p class=\" wall-content\">Avis\u00e9e, la maman contacte la police. Dans le m\u00eame temps, l\u2019adolescente alerte d\u2019autres passagers pour pr\u00e9venir le personnel pr\u00e9sent \u00e0 bord du train. \u00c0 l\u2019arriv\u00e9e en gare de Nantes, l\u2019individu, n\u00e9 en 1994 est interpell\u00e9 par les policiers. L\u2019exhibitionniste a \u00e9t\u00e9 plac\u00e9 en garde \u00e0 vue.<\/p>\n<p class=\" wall-content\">Personnalisez votre actualit\u00e9 en ajoutant vos villes et m\u00e9dias en favori avec <a href=\"https:\/\/moncompte.actu.fr\" title=\"D\u00e9couvez Mon Actu\" rel=\"nofollow noopener\" data-trk=\"{&quot;cta&quot;:{&quot;action&quot;:&quot;https:\\\/\\\/moncompte.actu.fr&quot;,&quot;category&quot;:&quot;mon compte&quot;,&quot;from&quot;:&quot;article footer&quot;,&quot;name&quot;:&quot;Mon actu&quot;,&quot;type&quot;:&quot;cta&quot;}}\" target=\"_blank\">Mon Actu<\/a>.<\/p>\n","protected":false},"excerpt":{"rendered":"Par Thomas Bernard Publi\u00e9 le 18 nov. 2025 \u00e0 6h46 Un voyage choquant. Ce dimanche 16\u00a0novembre 2025, une&hellip;\n","protected":false},"author":2,"featured_media":541931,"comment_status":"","ping_status":"","sticky":false,"template":"","format":"standard","meta":{"footnotes":""},"categories":[2818],"tags":[1111,11,1777,674,118,1011,27,766,12,2636,1072,25],"class_list":{"0":"post-541930","1":"post","2":"type-post","3":"status-publish","4":"format-standard","5":"has-post-thumbnail","7":"category-nantes","8":"tag-actu","9":"tag-actualites","10":"tag-eu","11":"tag-europe","12":"tag-faits-divers","13":"tag-fr","14":"tag-france","15":"tag-nantes","16":"tag-news","17":"tag-pays-de-la-loire","18":"tag-police","19":"tag-republique-francaise"},"share_on_mastodon":{"url":"https:\/\/pubeurope.com\/@fr\/115569352001923361","error":""},"_links":{"self":[{"href":"https:\/\/www.europesays.com\/fr\/wp-json\/wp\/v2\/posts\/541930","targetHints":{"allow":["GET"]}}],"collection":[{"href":"https:\/\/www.europesays.com\/fr\/wp-json\/wp\/v2\/posts"}],"about":[{"href":"https:\/\/www.europesays.com\/fr\/wp-json\/wp\/v2\/types\/post"}],"author":[{"embeddable":true,"href":"https:\/\/www.europesays.com\/fr\/wp-json\/wp\/v2\/users\/2"}],"replies":[{"embeddable":true,"href":"https:\/\/www.europesays.com\/fr\/wp-json\/wp\/v2\/comments?post=541930"}],"version-history":[{"count":0,"href":"https:\/\/www.europesays.com\/fr\/wp-json\/wp\/v2\/posts\/541930\/revisions"}],"wp:featuredmedia":[{"embeddable":true,"href":"https:\/\/www.europesays.com\/fr\/wp-json\/wp\/v2\/media\/541931"}],"wp:attachment":[{"href":"https:\/\/www.europesays.com\/fr\/wp-json\/wp\/v2\/media?parent=541930"}],"wp:term":[{"taxonomy":"category","embeddable":true,"href":"https:\/\/www.europesays.com\/fr\/wp-json\/wp\/v2\/categories?post=541930"},{"taxonomy":"post_tag","embeddable":true,"href":"https:\/\/www.europesays.com\/fr\/wp-json\/wp\/v2\/tags?post=541930"}],"curies":[{"name":"wp","href":"https:\/\/api.w.org\/{rel}","templated":true}]}}