{"id":541934,"date":"2025-11-18T06:46:12","date_gmt":"2025-11-18T06:46:12","guid":{"rendered":"https:\/\/www.europesays.com\/fr\/541934\/"},"modified":"2025-11-18T06:46:12","modified_gmt":"2025-11-18T06:46:12","slug":"les-vins-effervescents-font-le-renouveau-de-bordeaux","status":"publish","type":"post","link":"https:\/\/www.europesays.com\/fr\/541934\/","title":{"rendered":"les vins effervescents font le renouveau de Bordeaux"},"content":{"rendered":"<p>\n    Les crus effervescents gagnent du terrain. Entre pet\u2019nats, cr\u00e9mants et blancs de noirs, la r\u00e9gion bordelaise se r\u00e9invente. D\u00e9cryptage de ce nouveau march\u00e9 d\u00e9complex\u00e9 avec Simon Blanchard, consultant-associ\u00e9 au cabinet de conseil Derenoncourt.<\/p>\n<p class=\"fig-paragraph\">Un faiseur de bulles\u00a0? \u00abPas que\u00bb, se d\u00e9fend Simon Blanchard. Mais il est exact qu\u2019en tant qu\u2019associ\u00e9 au sein du cabinet de conseil, Derenoncourt Vignerons Consultants, ce Lig\u00e9rien d\u2019origine et Bordelais d\u2019adoption puisqu\u2019il vit \u00e0\u00a0<a href=\"https:\/\/avis-vin.lefigaro.fr\/connaitre-deguster\/tout-savoir-sur-le-vin\/guide-des-regions-et-des-appellations\/bordeaux\/rive-droite\/appellation-pomerol\" target=\"_blank\" rel=\"sponsored noopener\" data-gtm-custom-categorie=\"navigation\" data-gtm-custom-action=\"crossclick\" data-gtm-custom-label=\"Contextuel\" data-gtm-event=\"customEventSPE\">Pomerol<\/a>\u00a0et exploite avec passion un microdomaine de 1,7 hectare \u00e0 Montagne Saint-\u00c9milion est consid\u00e9r\u00e9 comme \u00able septentrional de l\u2019\u00e9quipe\u00bb, conc\u00e8de-t-il car il intervient beaucoup dans la\u00a0<a href=\"https:\/\/avis-vin.lefigaro.fr\/connaitre-deguster\/tout-savoir-sur-le-vin\/guide-des-regions-et-des-appellations\/vallee-de-la-loire\" target=\"_blank\" rel=\"sponsored noopener\" data-gtm-custom-categorie=\"navigation\" data-gtm-custom-action=\"crossclick\" data-gtm-custom-label=\"Contextuel\" data-gtm-event=\"customEventSPE\">vall\u00e9e de la Loire<\/a>, en\u00a0<a href=\"https:\/\/avis-vin.lefigaro.fr\/connaitre-deguster\/tout-savoir-sur-le-vin\/guide-des-regions-et-des-appellations\/bourgogne\" target=\"_blank\" rel=\"sponsored noopener\" data-gtm-custom-categorie=\"navigation\" data-gtm-custom-action=\"crossclick\" data-gtm-custom-label=\"Contextuel\" data-gtm-event=\"customEventSPE\">Bourgogne<\/a>, dans le\u00a0<a href=\"https:\/\/avis-vin.lefigaro.fr\/connaitre-deguster\/tout-savoir-sur-le-vin\/guide-des-regions-et-des-appellations\/beaujolais-et-lyonnais\/beaujolais\" target=\"_blank\" rel=\"sponsored noopener\" data-gtm-custom-categorie=\"navigation\" data-gtm-custom-action=\"crossclick\" data-gtm-custom-label=\"Contextuel\" data-gtm-event=\"customEventSPE\">Beaujolais<\/a>. De m\u00eame en Belgique o\u00f9 les bulles commencent \u00e0 se faire une jolie place. F\u00e9ru de projets viticoles \u00abatypiques\u00bb, il plaide pour que le vin redevienne un \u00abproduit plaisir et convivial\u00bb. Une orientation en phase avec une nouvelle g\u00e9n\u00e9ration de vignerons qui \u0153uvrent pour faire p\u00e9tiller\u00a0<a href=\"https:\/\/avis-vin.lefigaro.fr\/connaitre-deguster\/tout-savoir-sur-le-vin\/guide-des-regions-et-des-appellations\/bordeaux\" target=\"_blank\" rel=\"sponsored noopener\" data-gtm-custom-categorie=\"navigation\" data-gtm-custom-action=\"crossclick\" data-gtm-custom-label=\"Contextuel\" data-gtm-event=\"customEventSPE\">Bordeaux<\/a>.<\/p>\n<p class=\"fig-paragraph\"><strong>LE FIGARO -. S\u2019agissant de la production d\u2019effervescents \u00e0 Bordeaux, les volumes, certes en hausse sont encore limit\u00e9s\u00a0: 130\u00a0000 hectolitres en 2024 (+ 5 % par rapport \u00e0 2023) soit 4 % de la production du vignoble bordelais. Peut-on vraiment parler d\u2019un ph\u00e9nom\u00e8ne\u00a0?<\/strong><\/p>\n<p>                                    <a class=\"fig-a11y-skip a11y-hidden\" href=\"#fig-a11y-skip-main-inarticle\"><br \/>\n        Passer la publicit\u00e9<br \/>\n    <\/a><\/p>\n<p class=\"fig-paragraph\"><strong>SIMON BLANCHARD -.<\/strong> Oui, clairement. La bulle marche tr\u00e8s bien en ce moment. Et \u00e0 Bordeaux, la tendance s\u2019est acc\u00e9l\u00e9r\u00e9e ces trois derni\u00e8res ann\u00e9es. On part de loin, parce qu\u2019historiquement la r\u00e9gion en faisait assez peu. Mais la demande est l\u00e0, et de nombreuses propri\u00e9t\u00e9s se lancent.<\/p>\n<p class=\"fig-paragraph\"><strong>Quel est le profil de ces producteurs\u00a0?<\/strong><\/p>\n<p class=\"fig-paragraph\">Souvent des artisans, des primo-acc\u00e9dants, ou des jeunes qui reprennent la propri\u00e9t\u00e9 familiale et veulent casser l\u2019image trop traditionnelle. Ils g\u00e8rent leur distribution en direct, vendent aux cavistes, aux restaurants. On ne se rend pas toujours compte mais Bordeaux est en pleine mutation de ce point de vue l\u00e0. Dans cette configuration, souvent l\u2019acheteur leur demande\u00a0: \u00abEt, vous avez une bulle?\u00bb Parce que le march\u00e9 est l\u00e0, c\u2019est clair.<\/p>\n<p class=\"fig-paragraph\"><strong>Quelle est la force de la r\u00e9gion bordelaise pour ce type de production\u00a0?<\/strong><\/p>\n<p class=\"fig-paragraph\">L\u2019existence de prestataires. Contrairement \u00e0 d\u2019autres r\u00e9gions, peu de domaines sont \u00e9quip\u00e9s ici pour la mise en bouteille ou la filtration. C\u2019est un atout en fin de compte car un vigneron peut d\u00e9cider de se lancer dans la bulle et faire appel \u00e0 un prestataire, sans investir lourdement. Un atout \u00e9norme, surtout pour les petits crus.<\/p>\n<blockquote class=\"fig-quote&#10;    \">\n<p class=\"fig-quote__text\">Ce que le caviste ou le particulier ach\u00e8te, ce n\u2019est pas un label, c\u2019est l\u2019histoire d\u2019un domaine, d\u2019une famille, d\u2019un vin local.<\/p>\n<p>            Simon Blanchard\n    <\/p><\/blockquote>\n<p>                                    <a class=\"fig-a11y-skip a11y-hidden\" href=\"#fig-a11y-skip-main-inarticle_mtf\"><br \/>\n        Passer la publicit\u00e9<br \/>\n    <\/a><\/p>\n<p class=\"fig-paragraph\"><strong>Ces effervescents signent donc le retour du cr\u00e9mant de Bordeaux\u00a0?<\/strong><\/p>\n<p class=\"fig-paragraph\">Pas seulement. On trouve du cr\u00e9mant de Bordeaux mais aussi du mousseux de qualit\u00e9. Beaucoup de petits producteurs se passent de l\u2019appellation car leur client\u00e8le n\u2019en a pas besoin. Ce que le caviste ou le particulier ach\u00e8te, ce n\u2019est pas un label, c\u2019est l\u2019histoire d\u2019un domaine, d\u2019une famille, d\u2019un vin local.<\/p>\n<p class=\"fig-paragraph\"><strong>Dans des styles diff\u00e9rents\u00a0?<\/strong><\/p>\n<p class=\"fig-paragraph\">Effectivement. \u00c7a va de la bulle tr\u00e8s classique, tr\u00e8s propre, tr\u00e8s travaill\u00e9e aux pet\u2019nats l\u00e9gers, faciles \u00e0 boire, sur deux bars de pression, des vins de copains \u00e0 consommer rapidement. Ainsi, par exemple, au domaine de Gaychon, un pet\u2019nat de\u00a0<a href=\"https:\/\/avis-vin.lefigaro.fr\/connaitre-deguster\/tout-savoir-sur-le-vin\/guide-des-cepages\/cabernet-sauvignon\" target=\"_blank\" rel=\"sponsored noopener\" data-gtm-custom-categorie=\"navigation\" data-gtm-custom-action=\"crossclick\" data-gtm-custom-label=\"Contextuel\" data-gtm-event=\"customEventSPE\">cabernet sauvignon<\/a>\u00a0en agriculture Biologique (AB) par S\u00e9bastien Bataille\u00a0; au\u00a0<a href=\"https:\/\/avis-vin.lefigaro.fr\/vins-champagne\/bordeaux\/d155664-chateau-mondesir-gazin\" target=\"_blank\" rel=\"sponsored noopener\" data-gtm-custom-categorie=\"navigation\" data-gtm-custom-action=\"crossclick\" data-gtm-custom-label=\"Contextuel\" data-gtm-event=\"customEventSPE\">Ch\u00e2teau Mond\u00e9sir-Gazin<\/a>, un cr\u00e9mant de Bordeaux \u00e0 base de 50 % de\u00a0<a href=\"https:\/\/avis-vin.lefigaro.fr\/connaitre-deguster\/tout-savoir-sur-le-vin\/guide-des-cepages\/malbec\" target=\"_blank\" rel=\"sponsored noopener\" data-gtm-custom-categorie=\"navigation\" data-gtm-custom-action=\"crossclick\" data-gtm-custom-label=\"Contextuel\" data-gtm-event=\"customEventSPE\">malbec<\/a>\u00a0et 50 % de\u00a0<a href=\"https:\/\/avis-vin.lefigaro.fr\/connaitre-deguster\/tout-savoir-sur-le-vin\/guide-des-cepages\/semillon\" target=\"_blank\" rel=\"sponsored noopener\" data-gtm-custom-categorie=\"navigation\" data-gtm-custom-action=\"crossclick\" data-gtm-custom-label=\"Contextuel\" data-gtm-event=\"customEventSPE\">s\u00e9millon<\/a>, \u00e9lev\u00e9 sur lattes (AB) \u00e9galement. Encore un pet\u2019nat au Domaine des 4 Vents, la cuv\u00e9e Blizzard, \u00e0 base de\u00a0<a href=\"https:\/\/avis-vin.lefigaro.fr\/connaitre-deguster\/tout-savoir-sur-le-vin\/guide-des-cepages\/merlot\" target=\"_blank\" rel=\"sponsored noopener\" data-gtm-custom-categorie=\"navigation\" data-gtm-custom-action=\"crossclick\" data-gtm-custom-label=\"Contextuel\" data-gtm-event=\"customEventSPE\">merlot<\/a>\u00a0(AB) par Antoine Debiastre et, au\u00a0<a href=\"https:\/\/avis-vin.lefigaro.fr\/vins-champagne\/bordeaux\/medoc\/d24773-chateau-de-malleret\" target=\"_blank\" rel=\"sponsored noopener\" data-gtm-custom-categorie=\"navigation\" data-gtm-custom-action=\"crossclick\" data-gtm-custom-label=\"Contextuel\" data-gtm-event=\"customEventSPE\">Ch\u00e2teau de Malleret<\/a>\u00a0\u00e0 Ludon-M\u00e9doc, un pet\u2019nat \u00e0 base de merlot. Mais nous suivons aussi des projets plus ambitieux au sein des grands crus, en m\u00e9thode traditionnelle, \u00e9lev\u00e9s plusieurs ann\u00e9es sur lattes. Ces cuv\u00e9es de garde ne sont pas encore sur le march\u00e9, mais elles vont arriver.<\/p>\n<p class=\"fig-body-link\">\n            \u00c0 lire aussi<br \/>\n        <a class=\"fig-body-link__link\" href=\"http:\/\/avis-vin.lefigaro.fr\/terroir-viticulture\/pourquoi-le-vin-petillant-pourrait-sauver-le-bordelais-du-marasme-20241112\" target=\"_blank\" data-fig-type=\"Article\" rel=\"noopener\" data-gtm-custom-categorie=\"navigation\" data-gtm-custom-action=\"crossclick\" data-gtm-custom-label=\"Contextuel\" data-gtm-event=\"customEventSPE\" data-fig-domain=\"AVIS_VIN\"><\/p>\n<p>        Pourquoi le vin p\u00e9tillant pourrait sauver le vignoble bordelais du marasme<br \/>\n    <\/a>\n<\/p>\n<p class=\"fig-paragraph\"><strong>Ces nouvelles propositions effervescentes ont-elles n\u00e9anmoins un point commun\u00a0?<\/strong><\/p>\n<p>                                    <a class=\"fig-a11y-skip a11y-hidden\" href=\"#fig-a11y-skip-main-inarticle_btf\"><br \/>\n        Passer la publicit\u00e9<br \/>\n    <\/a><\/p>\n<p class=\"fig-paragraph\">Quelles que soient leurs d\u00e9nominations, pet\u2019nat, mousseux ou cr\u00e9mants, ces projets n\u2019ont pas pour ambition de concurrencer un\u00a0<a href=\"https:\/\/avis-vin.lefigaro.fr\/connaitre-deguster\/tout-savoir-sur-le-vin\/guide-des-regions-et-des-appellations\/champagne\/appellation-champagne\" target=\"_blank\" rel=\"sponsored noopener\" data-gtm-custom-categorie=\"navigation\" data-gtm-custom-action=\"crossclick\" data-gtm-custom-label=\"Contextuel\" data-gtm-event=\"customEventSPE\">champagne<\/a>. Nous ne sommes pas sur ce march\u00e9-l\u00e0. On se situe sur le vin plaisir. Cela nous tient \u00e0 c\u0153ur de le pr\u00e9ciser car, dans un contexte \u00e9conomique mondial compliqu\u00e9, le vin doit \u00eatre remis \u00e0 sa juste place. D\u00e9guster un verre de vin, c\u2019est un moment de partage, de convivialit\u00e9. Si on a les moyens de le faire avec de grands champagnes, \u00e9videmment. Mais le vin, peut aussi se consommer sans de prise de t\u00eate.<\/p>\n<p class=\"fig-paragraph\"><strong>Pourquoi dites-vous que ces bulles bordelaises ouvrent le champ des possibles\u00a0?<\/strong><\/p>\n<p class=\"fig-paragraph\">Car en plus des quatre c\u00e9pages blancs autoris\u00e9s pour le bordeaux blanc (<a href=\"https:\/\/avis-vin.lefigaro.fr\/connaitre-deguster\/tout-savoir-sur-le-vin\/guide-des-cepages\/sauvignon\" target=\"_blank\" rel=\"sponsored noopener\" data-gtm-custom-categorie=\"navigation\" data-gtm-custom-action=\"crossclick\" data-gtm-custom-label=\"Contextuel\" data-gtm-event=\"customEventSPE\">sauvignon<\/a>\u00a0blanc ou gris, s\u00e9millon,\u00a0<a href=\"https:\/\/avis-vin.lefigaro.fr\/connaitre-deguster\/tout-savoir-sur-le-vin\/guide-des-cepages\/muscadelle\" target=\"_blank\" rel=\"sponsored noopener\" data-gtm-custom-categorie=\"navigation\" data-gtm-custom-action=\"crossclick\" data-gtm-custom-label=\"Contextuel\" data-gtm-event=\"customEventSPE\">muscadelle<\/a>\u00a0et parfois\u00a0<a href=\"https:\/\/avis-vin.lefigaro.fr\/connaitre-deguster\/tout-savoir-sur-le-vin\/guide-des-cepages\/ugni-blanc\" target=\"_blank\" rel=\"sponsored noopener\" data-gtm-custom-categorie=\"navigation\" data-gtm-custom-action=\"crossclick\" data-gtm-custom-label=\"Contextuel\" data-gtm-event=\"customEventSPE\">ugni blanc<\/a>), on trouve sur la plupart des domaines du merlot, du\u00a0<a href=\"https:\/\/avis-vin.lefigaro.fr\/connaitre-deguster\/tout-savoir-sur-le-vin\/guide-des-cepages\/cabernet-franc\" target=\"_blank\" rel=\"sponsored noopener\" data-gtm-custom-categorie=\"navigation\" data-gtm-custom-action=\"crossclick\" data-gtm-custom-label=\"Contextuel\" data-gtm-event=\"customEventSPE\">cabernet franc<\/a>, du cabernet sauvignon du malbec ou du\u00a0<a href=\"http:\/\/avis-vin.lefigaro.fr\/connaitre-deguster\/tout-savoir-sur-le-vin\/guide-des-cepages\/petit-verdot\" target=\"_blank\" rel=\"sponsored noopener\" data-gtm-custom-categorie=\"navigation\" data-gtm-custom-action=\"crossclick\" data-gtm-custom-label=\"Contextuel\" data-gtm-event=\"customEventSPE\">petit verdot<\/a>. Souvent aussi, les propri\u00e9t\u00e9s n\u2019ont pas de blanc. Alors quand na\u00eet l\u2019id\u00e9e de faire une bulle, il s\u2019agit de jongler avec tout cela. En particulier avec les blancs de noir. Cette diversit\u00e9 permet des assemblages et des vins ultrafun.<\/p>\n<p class=\"fig-paragraph\"><strong>Sans compter la diversit\u00e9 de terroirs\u2026<\/strong><\/p>\n<p class=\"fig-paragraph\">Absolument, Bordeaux a cette chance folle. De belles min\u00e9ralit\u00e9s sur les beaux plateaux calcaires de l\u2019<a href=\"https:\/\/avis-vin.lefigaro.fr\/connaitre-deguster\/tout-savoir-sur-le-vin\/guide-des-regions-et-des-appellations\/bordeaux\/entre-deux-mers\/appellation-entre-deux-mers\" target=\"_blank\" rel=\"sponsored noopener\" data-gtm-custom-categorie=\"navigation\" data-gtm-custom-action=\"crossclick\" data-gtm-custom-label=\"Contextuel\" data-gtm-event=\"customEventSPE\">Entre-deux-Mers<\/a>\u00a0et, \u00e7a tombe bien, il a \u00e9t\u00e9 plant\u00e9 en blanc. Donc on peut aller chercher des bulles au profil \u00e9tir\u00e9 gr\u00e2ce \u00e0 des m\u00e9thodes traditionnelles. Alors que sur des terroirs tr\u00e8s chauds et des plaines alluviales qui produisent des vins tr\u00e8s fruit\u00e9s, les bulles sont plut\u00f4t rigolotes, des bulles d\u2019ap\u00e9ro, des pet\u2019nats. La ligne entre ces effervescents\u00a0? \u00c0 la fois tr\u00e8s fruit\u00e9s, mais surtout avec un bel \u00e9quilibre acide. Ni trop sucr\u00e9es, ni trop molles, les bulles de Bordeaux offrent une belle fra\u00eecheur, de la tension et une acidit\u00e9 atlantique gr\u00e2ce \u00e0 notre caract\u00e8re oc\u00e9anique.<\/p>\n<p class=\"fig-paragraph\"><strong>Cette tendance s\u2019inscrit aussi dans un contexte plus large de changement \u00e0 Bordeaux, notamment \u0153notouristique\u00a0?<\/strong><\/p>\n<p class=\"fig-paragraph\">Oui, Bordeaux est en mutation. Tout le monde s\u2019est pris au jeu de faire des g\u00eetes, de s\u2019ouvrir au monde. On n\u2019a jamais vu autant de v\u00e9los. Comme dans les autres r\u00e9gions, le touriste vient nous voir, veut participer \u00e0 des d\u00e9gustations, faire un tour dans les vignes. Mais, si jusqu\u2019\u00e0 r\u00e9cemment, nous \u00e9tions capables d\u2019organiser des parcours de biodiversit\u00e9, d\u2019expliquer pourquoi nous plantons des arbres, pourquoi l\u2019agro\u00e9cologie, etc. Finalement, \u00e0 la fin de sa visite, quand le client arrivait dans la boutique de la propri\u00e9t\u00e9 ou dans son g\u00eete, il ne trouvait que du rouge. En plein \u00e9t\u00e9 quand les temp\u00e9ratures grimpent jusqu\u2019\u00e0 35 \u00b0C, notre touriste se dit\u00a0: \u00abTiens, c\u2019est b\u00eate, j\u2019aurais bien ouvert une bouteille de ros\u00e9 ou de blanc.\u00bb D\u00e9sormais, dans son frigo, il peut trouver une petite bouteille de pet\u2019nat ou de bulles locales. Et il est ravi d\u2019acheter un carton de mousseux \u00e0 12 euros. Cette diversit\u00e9 nous manquait vraiment.<\/p>\n","protected":false},"excerpt":{"rendered":"Les crus effervescents gagnent du terrain. Entre pet\u2019nats, cr\u00e9mants et blancs de noirs, la r\u00e9gion bordelaise se r\u00e9invente.&hellip;\n","protected":false},"author":2,"featured_media":541935,"comment_status":"","ping_status":"","sticky":false,"template":"","format":"standard","meta":{"footnotes":""},"categories":[2817],"tags":[1111,11,1997,700,1777,674,1011,27,12,2219,25],"class_list":{"0":"post-541934","1":"post","2":"type-post","3":"status-publish","4":"format-standard","5":"has-post-thumbnail","7":"category-bordeaux","8":"tag-actu","9":"tag-actualites","10":"tag-bordeaux","11":"tag-champagne","12":"tag-eu","13":"tag-europe","14":"tag-fr","15":"tag-france","16":"tag-news","17":"tag-nouvelle-aquitaine","18":"tag-republique-francaise"},"share_on_mastodon":{"url":"https:\/\/pubeurope.com\/@fr\/115569359856545839","error":""},"_links":{"self":[{"href":"https:\/\/www.europesays.com\/fr\/wp-json\/wp\/v2\/posts\/541934","targetHints":{"allow":["GET"]}}],"collection":[{"href":"https:\/\/www.europesays.com\/fr\/wp-json\/wp\/v2\/posts"}],"about":[{"href":"https:\/\/www.europesays.com\/fr\/wp-json\/wp\/v2\/types\/post"}],"author":[{"embeddable":true,"href":"https:\/\/www.europesays.com\/fr\/wp-json\/wp\/v2\/users\/2"}],"replies":[{"embeddable":true,"href":"https:\/\/www.europesays.com\/fr\/wp-json\/wp\/v2\/comments?post=541934"}],"version-history":[{"count":0,"href":"https:\/\/www.europesays.com\/fr\/wp-json\/wp\/v2\/posts\/541934\/revisions"}],"wp:featuredmedia":[{"embeddable":true,"href":"https:\/\/www.europesays.com\/fr\/wp-json\/wp\/v2\/media\/541935"}],"wp:attachment":[{"href":"https:\/\/www.europesays.com\/fr\/wp-json\/wp\/v2\/media?parent=541934"}],"wp:term":[{"taxonomy":"category","embeddable":true,"href":"https:\/\/www.europesays.com\/fr\/wp-json\/wp\/v2\/categories?post=541934"},{"taxonomy":"post_tag","embeddable":true,"href":"https:\/\/www.europesays.com\/fr\/wp-json\/wp\/v2\/tags?post=541934"}],"curies":[{"name":"wp","href":"https:\/\/api.w.org\/{rel}","templated":true}]}}