{"id":541938,"date":"2025-11-18T06:48:24","date_gmt":"2025-11-18T06:48:24","guid":{"rendered":"https:\/\/www.europesays.com\/fr\/541938\/"},"modified":"2025-11-18T06:48:24","modified_gmt":"2025-11-18T06:48:24","slug":"pres-de-toulouse-un-nouveau-visage-pour-cette-place-donnant-sur-les-pyrenees-les-travaux-lances","status":"publish","type":"post","link":"https:\/\/www.europesays.com\/fr\/541938\/","title":{"rendered":"Pr\u00e8s de Toulouse. Un nouveau visage pour cette place donnant sur les Pyr\u00e9n\u00e9es : les travaux lanc\u00e9s"},"content":{"rendered":"<p>                    Par<br \/>\n        <strong><br \/>\n            <a href=\"https:\/\/actu.fr\/auteur\/marie-lamarque\" title=\"Consulter tous les articles de Marie Lamarque\" rel=\"nofollow noopener\" target=\"_blank\">Marie Lamarque<\/a><br \/>\n                    <\/strong><\/p>\n<p>        Publi\u00e9 le<\/p>\n<p>            18 nov. 2025 \u00e0 7h12        <\/p>\n<p><strong>Un grand chantier<\/strong> s\u2019est lanc\u00e9 sur cette place du c\u0153ur de ville de L\u2019Union, pr\u00e8s de <a href=\"https:\/\/actu.fr\/toulouse\/\" rel=\"nofollow noopener\" target=\"_blank\">Toulouse<\/a>. Des grilles viennent en interdire l\u2019acc\u00e8s, mais les passants peuvent encore la contourner en longeant le bureau de Poste et passer de la rue du Pic du Midi \u00e0 celle de l\u2019avenue des Pyr\u00e9n\u00e9es (et vice versa). <strong>L\u2019esplanade San Biagio di Callalta<\/strong> \u2013 baptis\u00e9e ainsi en l\u2019honneur de la commune italienne jumel\u00e9e avec L\u2019Union \u2013 est d\u00e9garnie. Une montagne de ses pav\u00e9s t\u00e9moigne du lancement des travaux. Bient\u00f4t, ils seront remplac\u00e9s pour donner un tout nouveau visage \u00e0 cet espace perch\u00e9 de la commune, bien connu pour<strong> offrir un beau panorama sur la cha\u00eene des Pyr\u00e9n\u00e9es<\/strong>\u2026 du moins quand le ciel est d\u00e9gag\u00e9. On vous explique.<\/p>\n<p>Salon urbain, belv\u00e9d\u00e8re avec table d\u2019orientation<\/p>\n<p class=\" wall-content\">Depuis la rentr\u00e9e, le chantier se met en place. Les fosses sont creus\u00e9es. Il va rentrer dans une phase un peu plus active en ce mois de novembre. <a href=\"https:\/\/actu.fr\/occitanie\/l-union_31561\/pres-de-toulouse-cette-place-centrale-qui-offre-une-belle-vue-sur-les-pyrenees-va-se-transformer_61966029.html\" rel=\"nofollow noopener\" target=\"_blank\">V\u00e9ritable \u00eelot de chaleur l\u2019\u00e9t\u00e9<\/a>, la place San Biagio se v\u00e9g\u00e9talise. <strong>Plus de 70 arbres vont \u00eatre plant\u00e9s sur cet espace de plus de 3\u2009000 m\u00b2<\/strong>.<\/p>\n<p>    <a href=\"https:\/\/www.google.com\/maps\/embed?pb=!1m17!1m12!1m3!1d721.6412499338401!2d1.482311617354404!3d43.65721796381793!2m3!1f0!2f0!3f0!3m2!1i1024!2i768!4f13.1!3m2!1m1!2zNDPCsDM5JzI2LjAiTiAxwrAyOScwMC43IkU!5e0!3m2!1sfr!2sfr!4v1763375227518!5m2!1sfr!2sfr\" title=\"Ouvrie le lien\" rel=\"nofollow noopener\" target=\"_blank\">Cliquez ici pour visualiser le contenu<\/a><\/p>\n<p class=\" wall-content\">La Ville avait lanc\u00e9, en 2024, <strong>une consultation publique<\/strong> afin de laisser aux habitants le choix entre deux scenarii. Ils ont opt\u00e9 pour le projet offrant \u00ab\u2009la v\u00e9g\u00e9talisation la plus importante\u2009\u00bb, avait point\u00e9 <strong>Yvan Navarro<\/strong>, adjoint en charge de l\u2019urbanisme et des espaces verts.<\/p>\n<p class=\" wall-content\">Au programme\u2009: salon urbain ombrag\u00e9 avec bancs et tables, un espace pour l\u2019organisation de divers \u00e9v\u00e8nements, mais aussi<strong> un belv\u00e9d\u00e8re avec table d\u2019orientation<\/strong> afin de valoriser ce point de vue sur les Pyr\u00e9n\u00e9es. La place accueillera quelques manifestations et des stands du march\u00e9 dominical.<\/p>\n<p>    <img   decoding=\"async\" loading=\"lazy\" src=\"https:\/\/www.europesays.com\/fr\/wp-content\/uploads\/2025\/11\/projet-vegetalisation-lunion-toulouse-960x640.jpg\" alt=\"Voici \u00e0 quoi ressemblera la place apr\u00e8s v\u00e9g\u00e9talisation.\" width=\"960\" height=\"640\"\/><br \/>\n    Voici \u00e0 quoi ressemblera la place apr\u00e8s v\u00e9g\u00e9talisation. (\u00a9Agence Toponymy)La place sera accessible aux Personnes \u00e0 Mobilit\u00e9 R\u00e9duite (PMR)<\/p>\n<p class=\" wall-content\">March\u00e9 dominical perturb\u00e9 depuis septembre \u00e0 L\u2019Union. Les clients n\u2019ont plus rendez-vous rue du Pic du Midi et sur la place, mais sur le parking de la salle des f\u00eates pour retrouver leurs commer\u00e7ants habituels. Toujours en raison des travaux,<strong> la rue du Pic du Midi va passer en sens unique<\/strong> (depuis l\u2019avenue des Pyr\u00e9n\u00e9es vers la mairie) d\u00e8s ce 24\u00a0novembre, et jusqu\u2019au 30\u00a0janvier 2026.<\/p>\n<p>    <img   decoding=\"async\" loading=\"lazy\" src=\"https:\/\/www.europesays.com\/fr\/wp-content\/uploads\/2025\/11\/travaux-lunion-toulouse-chantier-vegetalisation-960x640.jpeg\" alt=\"La rue du Pic du Midi va provisoirement passer en sens unique dans le cadre de ces travaux.\" width=\"960\" height=\"640\"\/><br \/>\n    La rue du Pic du Midi va provisoirement passer en sens unique dans le cadre de ces travaux. (\u00a9Marie Lamarque \/ Actu Toulouse)<\/p>\n<p>Votre r\u00e9gion, votre actu !<\/p>\n<p>Recevez chaque jour les infos qui comptent pour vous.<\/p>\n<p>\t<a href=\"https:\/\/actu.fr\/newsletter\" class=\"ac-btn ac-btn--corner ac-btn--medium ac-btn--blue800\" rel=\"nofollow noopener\" target=\"_blank\">S&rsquo;incrire<\/a><\/p>\n<p class=\" wall-content\"><strong>Une d\u00e9viation sera mise en place<\/strong> depuis le carrefour rue du Pic du Midi \/ rue du Vignemale, en empruntant la rue du Somport, puis la rue du Tourmalet, avant de rejoindre la rue du Pic du Midi.<\/p>\n<p>    <a href=\"https:\/\/www.facebook.com\/plugins\/post.php?href=https%3A%2F%2Fwww.facebook.com%2Fvilledelunion%2Fposts%2Fpfbid0tMpvHDwfGCHyWnhfbEBbPs9ZqyduKaPuVLeBtp7qsS3dPwe6Q7avpnU6quDsYPGvl&amp;show_text=true&amp;width=350\" title=\"Ouvrie le lien\" rel=\"nofollow noopener\" target=\"_blank\">Cliquez ici pour visualiser le contenu<\/a><\/p>\n<p class=\" wall-content\">Car ici, une autre transformation majeure est en cours\u2009: une rampe est am\u00e9nag\u00e9e afin de <strong>faciliter l\u2019acc\u00e8s \u00e0 la place aux Personnes \u00e0 Mobilit\u00e9 R\u00e9duite<\/strong> (PMR).<\/p>\n<p>Plus de 70 arbres, dont un symbolique<\/p>\n<p class=\" wall-content\">Parmi les 70 nouveaux arbres, l\u2019un d\u2019eux portera un message fort, celui de<strong> la lutte contre l\u2019antis\u00e9mitisme<\/strong>, <strong>en la m\u00e9moire d\u2019Ilan Halimi<\/strong>. Ce jeune Fran\u00e7ais de 23\u00a0ans, victime du \u00ab\u2009gang des barbares\u2009\u00bb dirig\u00e9 par Youssouf Fofana en 2006, avait \u00e9t\u00e9 enlev\u00e9, tortur\u00e9 et assassin\u00e9 parce que juif, \u00e0 Bagneux, en banlieue parisienne. Un olivier plant\u00e9 \u00e0 son hommage en 2011 avait \u00e9t\u00e9 <a href=\"https:\/\/actu.fr\/ile-de-france\/epinay-sur-seine_93031\/un-acte-antisemite-l-olivier-plante-en-memoire-d-ilan-halimi-tue-parce-que-juif-abattu-a-epinay-sur-seine_63041260.html\" rel=\"nofollow noopener\" target=\"_blank\">abattu \u00e0 \u00c9pinay-sur-Seine (Seine-Saint-Denis)<\/a> en ao\u00fbt dernier, provoquant l\u2019indignation.<\/p>\n<p>    <img   decoding=\"async\" loading=\"lazy\" src=\"https:\/\/www.europesays.com\/fr\/wp-content\/uploads\/2025\/11\/58bb48250f9868cbb48250f9880cb4v-960x640.jpg\" alt=\"Un olivier en m\u00e9moire d\u2019Ilan Halimi, tu\u00e9 le 13 f\u00e9vrier 2006 par le gang des barbares, va \u00eatre plant\u00e9 \u00e0 Maisons-Laffitte (Yvelines) en septembre 2025.\" width=\"960\" height=\"640\"\/><br \/>\n    Un olivier en m\u00e9moire d\u2019Ilan Halimi, tu\u00e9 en 2006 par le gang des barbares, avait \u00e9t\u00e9 abattu \u00e0 Epinay-sur-Seine. (\u00a9DR)<\/p>\n<p class=\" wall-content\">\u00ab\u2009Comme l\u2019ont fait d\u2019autres villes, nous avons choisi, \u00e0 la demande d\u2019un habitant de l\u2019Union, de planter \u00e0 notre tour un arbre en hommage \u00e0 Ilan Halimi, explique la Ville. Il manque, en effet, \u00e0 L\u2019Union, un lieu de recueillement et de souvenir pour les victimes du racisme\u2009\u00bb. Un olivier, dot\u00e9 d\u2019une plaque comm\u00e9morative, sera plant\u00e9 \u00ab\u2009pr\u00e8s de La Poste, sur la partie d\u00e9j\u00e0 v\u00e9g\u00e9talis\u00e9e\u2009\u00bb, indique Yvan Navarro, contact\u00e9 par Actu Toulouse.<\/p>\n<p>    <img   decoding=\"async\" loading=\"lazy\" src=\"https:\/\/www.europesays.com\/fr\/wp-content\/uploads\/2025\/11\/travaux-lunion-chantier-vegetalisation-toulouse-960x640.jpeg\" alt=\"Un olivier sera plant\u00e9 pour rendre hommage \u00e0 Ilan Halimi pr\u00e8s de La Poste que l'on peut apercevoir en arri\u00e8re-plan.\" width=\"960\" height=\"640\"\/><br \/>\n    Un olivier sera plant\u00e9 pour rendre hommage \u00e0 Ilan Halimi pr\u00e8s de La Poste que l\u2019on peut apercevoir en arri\u00e8re-plan. (\u00a9Marie Lamarque \/ Actu Toulouse)R\u00e9ouverture de la place en mars\u00a02026<\/p>\n<p class=\" wall-content\">La r\u00e9ouverture au public de la place San Biagio est annonc\u00e9e pour <strong>mars-avril\u00a02026<\/strong>, apr\u00e8s la fin des plantations en d\u00e9cembre\u00a02025 \u2013 janvier\u00a02026. Mais pour obtenir le r\u00e9sultat final projet\u00e9, il faudra laisser la nature faire son \u0153uvre, soit \u00ab\u2009une vingtaine d\u2019ann\u00e9es\u2009\u00bb, selon Yvan Navarro.<\/p>\n<p>    <img   decoding=\"async\" loading=\"lazy\" src=\"https:\/\/www.europesays.com\/fr\/wp-content\/uploads\/2025\/11\/travaux-lunion-toulouse-chantier-960x640.jpeg\" alt=\"La r\u00e9ouverture de la place est annonc\u00e9e pour mars-avril 2026.\" width=\"960\" height=\"640\"\/><br \/>\n    La r\u00e9ouverture de la place est indiqu\u00e9e pour mars-avril\u00a02026. (\u00a9Marie Lamarque \/ Actu Toulouse)<\/p>\n<p class=\" wall-content\">Le<strong> budget total consacr\u00e9 s\u2019\u00e9l\u00e8ve \u00e0 550\u2009000\u00a0euros <\/strong>avec une aide au financement pour 60\u2009% gr\u00e2ce \u00e0 une participation de l\u2019\u00c9tat de 114\u2009000\u00a0euros, du D\u00e9partement de 60\u2009000\u00a0euros et de Toulouse M\u00e9tropole de 33\u2009000\u00a0euros, entre autres.<\/p>\n<p class=\" wall-content\">Personnalisez votre actualit\u00e9 en ajoutant vos villes et m\u00e9dias en favori avec <a href=\"https:\/\/moncompte.actu.fr\" title=\"D\u00e9couvez Mon Actu\" rel=\"nofollow noopener\" data-trk=\"{&quot;cta&quot;:{&quot;action&quot;:&quot;https:\\\/\\\/moncompte.actu.fr&quot;,&quot;category&quot;:&quot;mon compte&quot;,&quot;from&quot;:&quot;article footer&quot;,&quot;name&quot;:&quot;Mon actu&quot;,&quot;type&quot;:&quot;cta&quot;}}\" target=\"_blank\">Mon Actu<\/a>.<\/p>\n","protected":false},"excerpt":{"rendered":"Par Marie Lamarque Publi\u00e9 le 18 nov. 2025 \u00e0 7h12 Un grand chantier s\u2019est lanc\u00e9 sur cette place&hellip;\n","protected":false},"author":2,"featured_media":541939,"comment_status":"","ping_status":"","sticky":false,"template":"","format":"standard","meta":{"footnotes":""},"categories":[2816],"tags":[1111,11,1777,674,1011,27,12,2680,25,104,2312,2086],"class_list":{"0":"post-541938","1":"post","2":"type-post","3":"status-publish","4":"format-standard","5":"has-post-thumbnail","7":"category-toulouse","8":"tag-actu","9":"tag-actualites","10":"tag-eu","11":"tag-europe","12":"tag-fr","13":"tag-france","14":"tag-news","15":"tag-occitanie","16":"tag-republique-francaise","17":"tag-societe","18":"tag-toulouse","19":"tag-travaux"},"share_on_mastodon":{"url":"https:\/\/pubeurope.com\/@fr\/115569369362650038","error":""},"_links":{"self":[{"href":"https:\/\/www.europesays.com\/fr\/wp-json\/wp\/v2\/posts\/541938","targetHints":{"allow":["GET"]}}],"collection":[{"href":"https:\/\/www.europesays.com\/fr\/wp-json\/wp\/v2\/posts"}],"about":[{"href":"https:\/\/www.europesays.com\/fr\/wp-json\/wp\/v2\/types\/post"}],"author":[{"embeddable":true,"href":"https:\/\/www.europesays.com\/fr\/wp-json\/wp\/v2\/users\/2"}],"replies":[{"embeddable":true,"href":"https:\/\/www.europesays.com\/fr\/wp-json\/wp\/v2\/comments?post=541938"}],"version-history":[{"count":0,"href":"https:\/\/www.europesays.com\/fr\/wp-json\/wp\/v2\/posts\/541938\/revisions"}],"wp:featuredmedia":[{"embeddable":true,"href":"https:\/\/www.europesays.com\/fr\/wp-json\/wp\/v2\/media\/541939"}],"wp:attachment":[{"href":"https:\/\/www.europesays.com\/fr\/wp-json\/wp\/v2\/media?parent=541938"}],"wp:term":[{"taxonomy":"category","embeddable":true,"href":"https:\/\/www.europesays.com\/fr\/wp-json\/wp\/v2\/categories?post=541938"},{"taxonomy":"post_tag","embeddable":true,"href":"https:\/\/www.europesays.com\/fr\/wp-json\/wp\/v2\/tags?post=541938"}],"curies":[{"name":"wp","href":"https:\/\/api.w.org\/{rel}","templated":true}]}}