{"id":541940,"date":"2025-11-18T06:49:14","date_gmt":"2025-11-18T06:49:14","guid":{"rendered":"https:\/\/www.europesays.com\/fr\/541940\/"},"modified":"2025-11-18T06:49:14","modified_gmt":"2025-11-18T06:49:14","slug":"circulation-perturbee-sur-9-kilometres-sur-la64-au-sud-de-toulouse-ce-mardi","status":"publish","type":"post","link":"https:\/\/www.europesays.com\/fr\/541940\/","title":{"rendered":"circulation perturb\u00e9e sur 9 kilom\u00e8tres sur l&rsquo;A64, au Sud de Toulouse, ce mardi"},"content":{"rendered":"<p><strong>La prudence est de mise au Sud de Toulouse, ce mardi 18 novembre 2025. Bison Fut\u00e9 signale des ralentissements sur 9 kilom\u00e8tres sur l\u2019A64, en direction de la Ville rose. Suivez l\u2019\u00e9volution du trafic avec Le Journal Toulousain.<\/strong><\/p>\n<p><img fetchpriority=\"high\" decoding=\"async\" width=\"1200\" height=\"800\" src=\"https:\/\/www.europesays.com\/fr\/wp-content\/uploads\/2025\/11\/Depositphotos_60003183_XL.jpg\" alt=\"\"  \/><\/p>\n<p><strong>Au Sud de Toulouse : <\/strong>Avant 7h30, ce mardi 18 novembre 2025, Bison Fut\u00e9 signalait des ralentissements sur plus de 9 kilom\u00e8tres sur l\u2019A64, dans le sens Bayonne-Toulouse, entre Muret et Portet-sur-Garonne. En cause : le r\u00e9tr\u00e9cissement des voies. Sur l\u2019A620, \u00e0 hauteur de Basso Cambo, dans le sens int\u00e9rieur de Toulouse sud vers Toulouse nord, un bouchon s\u2019\u00e9tend sur pr\u00e8s de 2 kilom\u00e8tres. Dans le sens inverse, la circulation est \u00e0 l\u2019arr\u00eat sur plus de 2 kilom\u00e8tres entre Basso Cambo et le quartier Empalot. <\/p>\n<p><strong>A l\u2019Ouest de Toulouse : <\/strong>Un bouchon de plus de 2 kilom\u00e8tres s\u2019est form\u00e9 sur l\u2019A624, dans le sens Colomiers-Toulouse. Dans le sens inverse, un embouteillage de pr\u00e8s de 2 kilom\u00e8tres a \u00e9t\u00e9 recens\u00e9 par Bison Fut\u00e9. Du c\u00f4t\u00e9 de l\u2019A620, dans le sens ext\u00e9rieur de Toulouse nord vers Toulouse sud, \u00e0 hauteur de Purpan, la circulation est bloqu\u00e9e sur pr\u00e8s de 3 kilom\u00e8tres. <\/p>\n<p><strong>A l\u2019Est de Toulouse : <\/strong>A 7h45, un bouchon de pr\u00e8s de 5 kilom\u00e8tres a \u00e9t\u00e9 recens\u00e9 sur l\u2019A620, dans le sens int\u00e9rieur de Toulouse sud vers Toulouse nord, entre Montaudran et le quartier Empalot. Sur l\u2019A61, le trafic routier est perturb\u00e9 par le r\u00e9tr\u00e9cissement des voies, dans le sens int\u00e9rieur de Toulouse vers Narbonne. Des ralentissements sont \u00e0 d\u00e9plorer sur pr\u00e8s de 5 kilom\u00e8tres entre Balma et Montaudran. <\/p>\n<p><strong>Au Nord de Toulouse : <\/strong>Un bouchon d\u2019un kilom\u00e8tre s\u2019est form\u00e9 sur l\u2019A62, dans le sens int\u00e9rieur de Bordeaux vers Toulouse \u00e0 cause du r\u00e9tr\u00e9cissement des voies. Du c\u00f4t\u00e9 de l\u2019A68, dans le sens Albi-Toulouse, les automobilistes sont \u00e0 l\u2019arr\u00eat sur pr\u00e8s de 3 kilom\u00e8tres entre Montrab\u00e9 et la Ville rose pour la m\u00eame raison. <\/p>\n","protected":false},"excerpt":{"rendered":"La prudence est de mise au Sud de Toulouse, ce mardi 18 novembre 2025. Bison Fut\u00e9 signale des&hellip;\n","protected":false},"author":2,"featured_media":541941,"comment_status":"","ping_status":"","sticky":false,"template":"","format":"standard","meta":{"footnotes":""},"categories":[2816],"tags":[1111,11,56873,58634,1777,674,1011,27,12,2680,25,2312,66017],"class_list":{"0":"post-541940","1":"post","2":"type-post","3":"status-publish","4":"format-standard","5":"has-post-thumbnail","7":"category-toulouse","8":"tag-actu","9":"tag-actualites","10":"tag-au-sud-de-toulouse","11":"tag-ce-mardi","12":"tag-eu","13":"tag-europe","14":"tag-fr","15":"tag-france","16":"tag-news","17":"tag-occitanie","18":"tag-republique-francaise","19":"tag-toulouse","20":"tag-trafic-routier-circulation-perturbu00e9e-sur-9-kilomu00e8tres-sur-la64"},"share_on_mastodon":{"url":"https:\/\/pubeurope.com\/@fr\/115569371969204710","error":""},"_links":{"self":[{"href":"https:\/\/www.europesays.com\/fr\/wp-json\/wp\/v2\/posts\/541940","targetHints":{"allow":["GET"]}}],"collection":[{"href":"https:\/\/www.europesays.com\/fr\/wp-json\/wp\/v2\/posts"}],"about":[{"href":"https:\/\/www.europesays.com\/fr\/wp-json\/wp\/v2\/types\/post"}],"author":[{"embeddable":true,"href":"https:\/\/www.europesays.com\/fr\/wp-json\/wp\/v2\/users\/2"}],"replies":[{"embeddable":true,"href":"https:\/\/www.europesays.com\/fr\/wp-json\/wp\/v2\/comments?post=541940"}],"version-history":[{"count":0,"href":"https:\/\/www.europesays.com\/fr\/wp-json\/wp\/v2\/posts\/541940\/revisions"}],"wp:featuredmedia":[{"embeddable":true,"href":"https:\/\/www.europesays.com\/fr\/wp-json\/wp\/v2\/media\/541941"}],"wp:attachment":[{"href":"https:\/\/www.europesays.com\/fr\/wp-json\/wp\/v2\/media?parent=541940"}],"wp:term":[{"taxonomy":"category","embeddable":true,"href":"https:\/\/www.europesays.com\/fr\/wp-json\/wp\/v2\/categories?post=541940"},{"taxonomy":"post_tag","embeddable":true,"href":"https:\/\/www.europesays.com\/fr\/wp-json\/wp\/v2\/tags?post=541940"}],"curies":[{"name":"wp","href":"https:\/\/api.w.org\/{rel}","templated":true}]}}