{"id":541953,"date":"2025-11-18T06:58:15","date_gmt":"2025-11-18T06:58:15","guid":{"rendered":"https:\/\/www.europesays.com\/fr\/541953\/"},"modified":"2025-11-18T06:58:15","modified_gmt":"2025-11-18T06:58:15","slug":"letat-doit-arreter-de-nous-piller-le-coup-de-colere-dun-maire-francilien-sur-le-logement","status":"publish","type":"post","link":"https:\/\/www.europesays.com\/fr\/541953\/","title":{"rendered":"\u00ab L\u2019\u00c9tat doit arr\u00eater de nous piller ! \u00bb, le coup de col\u00e8re d&rsquo;un maire francilien sur le logement"},"content":{"rendered":"<p><strong>LA TRIBUNE\u00a0: La r\u00e9gion \u00cele-de-France accueille, chaque ann\u00e9e, 50\u00a0000 nouveaux habitants, dont 10\u00a0000 de Paris, mais la construction neuve reste en panne en \u00cele-de-France et il subsiste 1\u00a0million de demandeurs de logement social. Comment r\u00e9soudre l\u2019\u00e9quation\u00a0?<\/strong><\/p>\n<p><strong>JEAN-PHILIPPE DUGOIN-CLEMENT\u00a0:<\/strong> La situation en \u00cele-de-France est conforme \u00e0 ce qui passe dans l\u2019ensemble du pays\u00a0: <a href=\"https:\/\/www.latribune.fr\/article\/economie\/biens-d-equipement-btp-immobilier\/26259842011653\/crise-du-logement-agents-et-promoteurs-immobiliers-saccrochent-au-statut-du-bailleur-prive\" target=\"_blank\" rel=\"noopener\">nous assistons \u00e0 un effondrement de la production de logement<\/a>. Sauf que les besoins restent extr\u00eamement forts\u00a0: la r\u00e9gion demeure en croissance d\u00e9mographique, comme vous l\u2019avez rappel\u00e9, et les jeunes sont plus nombreux qu\u2019ailleurs avec un ph\u00e9nom\u00e8ne plus marqu\u00e9 de d\u00e9cohabitation. La crise du logement s\u2019aggrave m\u00eame \u00e0 l\u2019approche des \u00e9lections municipales du fait d\u2019une paup\u00e9risation du bloc communal. \u00c0 notre \u00e9chelle, nous essayons donc de mobiliser tous les acteurs, tous les financements et tous les outils comme le sch\u00e9ma directeur pour soutenir le recyclage urbain et la production de logements sociaux. De la m\u00eame fa\u00e7on que nous recourons \u00e0 deux \u00e9tablissements publics d\u2019\u00c9tat pr\u00e9sid\u00e9s par la r\u00e9gion, l\u2019\u00e9tablissement public foncier (EPF) et Grand Paris Am\u00e9nagement (GPA), pour accompagner les communes dans un r\u00f4le d\u2019am\u00e9nageur.<\/p>\n","protected":false},"excerpt":{"rendered":"LA TRIBUNE\u00a0: La r\u00e9gion \u00cele-de-France accueille, chaque ann\u00e9e, 50\u00a0000 nouveaux habitants, dont 10\u00a0000 de Paris, mais la construction&hellip;\n","protected":false},"author":2,"featured_media":541954,"comment_status":"","ping_status":"","sticky":false,"template":"","format":"standard","meta":{"footnotes":""},"categories":[1592],"tags":[17,1111,11,42538,3254,3952,2837,33,1777,674,1011,27,66019,662,8880,1908,5107,12,626,66018,25],"class_list":{"0":"post-541953","1":"post","2":"type-post","3":"status-publish","4":"format-standard","5":"has-post-thumbnail","7":"category-ile-de-france","8":"tag-17","9":"tag-actu","10":"tag-actualites","11":"tag-arreter","12":"tag-colere","13":"tag-coup","14":"tag-dun","15":"tag-economie","16":"tag-eu","17":"tag-europe","18":"tag-fr","19":"tag-france","20":"tag-francilien","21":"tag-ile-de-france","22":"tag-letat","23":"tag-logement","24":"tag-maire","25":"tag-news","26":"tag-paris","27":"tag-piller","28":"tag-republique-francaise"},"share_on_mastodon":{"url":"https:\/\/pubeurope.com\/@fr\/115569407128267634","error":""},"_links":{"self":[{"href":"https:\/\/www.europesays.com\/fr\/wp-json\/wp\/v2\/posts\/541953","targetHints":{"allow":["GET"]}}],"collection":[{"href":"https:\/\/www.europesays.com\/fr\/wp-json\/wp\/v2\/posts"}],"about":[{"href":"https:\/\/www.europesays.com\/fr\/wp-json\/wp\/v2\/types\/post"}],"author":[{"embeddable":true,"href":"https:\/\/www.europesays.com\/fr\/wp-json\/wp\/v2\/users\/2"}],"replies":[{"embeddable":true,"href":"https:\/\/www.europesays.com\/fr\/wp-json\/wp\/v2\/comments?post=541953"}],"version-history":[{"count":0,"href":"https:\/\/www.europesays.com\/fr\/wp-json\/wp\/v2\/posts\/541953\/revisions"}],"wp:featuredmedia":[{"embeddable":true,"href":"https:\/\/www.europesays.com\/fr\/wp-json\/wp\/v2\/media\/541954"}],"wp:attachment":[{"href":"https:\/\/www.europesays.com\/fr\/wp-json\/wp\/v2\/media?parent=541953"}],"wp:term":[{"taxonomy":"category","embeddable":true,"href":"https:\/\/www.europesays.com\/fr\/wp-json\/wp\/v2\/categories?post=541953"},{"taxonomy":"post_tag","embeddable":true,"href":"https:\/\/www.europesays.com\/fr\/wp-json\/wp\/v2\/tags?post=541953"}],"curies":[{"name":"wp","href":"https:\/\/api.w.org\/{rel}","templated":true}]}}