{"id":541965,"date":"2025-11-18T07:05:20","date_gmt":"2025-11-18T07:05:20","guid":{"rendered":"https:\/\/www.europesays.com\/fr\/541965\/"},"modified":"2025-11-18T07:05:20","modified_gmt":"2025-11-18T07:05:20","slug":"accord-historique-100-rafale-pour-lukraine-est-ce-vraiment-possible","status":"publish","type":"post","link":"https:\/\/www.europesays.com\/fr\/541965\/","title":{"rendered":"\u00ab\u00a0Accord historique\u00a0\u00bb : 100 Rafale pour l&rsquo;Ukraine, est-ce vraiment possible ?"},"content":{"rendered":"<ul class=\"jsx-862013697 ArticleChapo__List\">\n<li class=\"jsx-862013697 ArticleChapo__List_Item flex\">Si la vente \u00e0 l&rsquo;Ukraine, annonc\u00e9e ce lundi par Volodymyr Zelensky, a int\u00e9gralement lieu, il s&rsquo;agira de la plus importante vente de Rafale \u00e0 un pays \u00e9tranger de l&rsquo;Histoire.<\/li>\n<li class=\"jsx-862013697 ArticleChapo__List_Item flex\">Longtemps boud\u00e9, l&rsquo;avion militaire est aujourd&rsquo;hui le fleuron de l&rsquo;industrie tricolore.<\/li>\n<li class=\"jsx-862013697 ArticleChapo__List_Item flex\">Mais comment, et quand Dassault pourra-t-il honorer cette commande ?<\/li>\n<\/ul>\n<p><a href=\"https:\/\/www.tf1info.fr\/actualite\/invasion-de-l-ukraine-par-la-russie-une-guerre-qui-dure-12951\/\" rel=\"noopener\" class=\"jsx-484472199 Link jsx-1428418400 jsx-554215408\" target=\"_blank\"><\/p>\n<p style=\"font-weight:400\" class=\"jsx-1837267516\">Suivez la couverture compl\u00e8te<\/p>\n<p style=\"font-weight:800\" class=\"jsx-1837267516\">Ukraine : 4\u1d49 ann\u00e9e de guerre<\/p>\n<p><\/a><\/p>\n<p data-module=\"article-paragraph\" class=\"jsx-3046738180 Paragraph Paragraph__End\">La base de Villacoublay (Yvelines) a \u00e9t\u00e9, ce lundi 17 novembre, le th\u00e9\u00e2tre de la <a href=\"https:\/\/www.tf1info.fr\/international\/nous-sommes-tres-heureux-sur-lci-volodymyr-zelensky-salue-l-accord-pour-l-achat-de-100-avions-rafale-a-la-france-2407180.html\" target=\"_blank\" rel=\"noopener\">signature de la lettre d&rsquo;intention<\/a> concernant l&rsquo;achat futur de 100 <a href=\"https:\/\/www.tf1info.fr\/societe\/video-celebrations-defile-militaire-du-14-juillet-2025-tf1-a-bord-d-un-rafale-l-avion-d-attaque-de-l-armee-de-l-air-2382758.html\" target=\"_blank\" rel=\"noopener\">Rafale<\/a> sur dix ans entre la France et l&rsquo;Ukraine. \u00ab\u00a0On pr\u00e9voit 100 Rafale, c&rsquo;est ce qu&rsquo;il faut pour la r\u00e9g\u00e9n\u00e9ration de l&rsquo;arm\u00e9e ukrainienne\u00a0\u00bb, a d\u00e9clar\u00e9 le pr\u00e9sident de la R\u00e9publique Emmanuel Macron. \u00ab\u00a0C&rsquo;est vraiment un tr\u00e8s grand soutien pour nous. Est-ce que \u00e7a va changer le cours de la guerre ? Difficile \u00e0 dire, mais des \u00e9tapes comme celles-ci peuvent permettre d&rsquo;y arriver\u00a0\u00bb, a estim\u00e9 le pr\u00e9sident ukrainien, Volodymyr Zelensky, comme le montre le reportage du 20H de TF1 en t\u00eate de l&rsquo;article.<\/p>\n<p data-module=\"article-paragraph\" class=\"jsx-3046738180 Paragraph Paragraph__End\">Sont aussi compris la livraison de missiles sol-air SAMP\/T de nouvelle g\u00e9n\u00e9ration, et tout un volet de coop\u00e9ration sur les drones. \u00ab\u00a0Ce sont des drones ukrainiens qui int\u00e8grent de l&rsquo;intelligence artificielle fran\u00e7aise, pour faire des missions d&rsquo;interception\u00a0\u00bb, explique Hadrien Canter, co-fondateur et pr\u00e9sident d&rsquo;Alta Ares, entreprise fran\u00e7aise sp\u00e9cialis\u00e9e dans les drones dot\u00e9s d&rsquo;intelligence artificielle. \u00ab\u00a0Je veux f\u00e9liciter vos industriels pour ces grandes capacit\u00e9s de d\u00e9fense a\u00e9rienne\u00a0\u00bb, a compliment\u00e9 le pr\u00e9sident ukrainien depuis la base militaire. Car c&rsquo;est bien dans les usines fran\u00e7aises que tout va se jouer. Sont-elles capables de tenir la cadence pour fournir 100 Rafale suppl\u00e9mentaires dans les dix ans \u00e0 venir ?\u00a0<\/p>\n<p>La commande \u00e9trang\u00e8re la plus importante jamais enregistr\u00e9e<\/p>\n<p data-module=\"article-paragraph\" class=\"jsx-3046738180 Paragraph Paragraph__End\">En cas d&rsquo;accord d\u00e9finitif entre l&rsquo;Ukraine et la France, le \u00ab\u00a0deal\u00a0\u00bb de ce lundi pourrait conduire \u00e0 la vente \u00e9trang\u00e8re la plus importante jamais enregistr\u00e9e pour l&rsquo;aviation fran\u00e7aise. Une mission possible pour le groupe Dassault, qui a d\u00e9j\u00e0 un carnet de commandes bien charg\u00e9, d\u00e9veloppe le reportage de TF1 ci-dessous. Pr\u00e8s de 230 avions sont d\u00e9j\u00e0 command\u00e9s, pour l&rsquo;arm\u00e9e fran\u00e7aise et les pays \u00e9trangers.\u00a0<\/p>\n<p>Produire 100 Rafale, en est-on capable ?Source : TF1 Info<\/p>\n<p><img decoding=\"async\" src=\"https:\/\/www.europesays.com\/fr\/wp-content\/uploads\/2025\/11\/produire-100-rafale-en-est-on-capable-579dff-0@1x.jpeg\" alt=\"Produire 100 Rafale, en est-on capable ?\" loading=\"lazy\" importance=\"low\" fetchpriority=\"low\" class=\"\"\/><img decoding=\"async\" src=\"https:\/\/www.tf1info.fr\/images\/icons\/player-logo-play.svg\" alt=\"Logo lecture\" class=\"jsx-d0de44c05fe3042c PlayerLazyload__Play\"\/><\/p>\n<p data-module=\"article-paragraph\" class=\"jsx-3046738180 Paragraph\">Chaque mois, trois avions sont produits. Le groupe fran\u00e7ais vise une augmentation \u00e0 5 Rafale par mois. \u00ab\u00a0Les salari\u00e9s sont d\u00e9j\u00e0 pleinement mobilis\u00e9s pour assurer la livraison de nos commandes actuelles et rel\u00e8veront les d\u00e9fis pour permettre la fourniture de nouveaux avions aux Ukrainiens\u00a0\u00bb, a rapidement d\u00e9clar\u00e9 la CFDT Dassault Aviation. Mais la production d&rsquo;un Rafale repr\u00e9sente trois ans de travail. Les Ukrainiens devront donc \u00eatre patients, m\u00eame si le contrat est sign\u00e9 rapidement entre les deux pays.\u00a0<\/p>\n<p data-module=\"article-paragraph\" class=\"jsx-3046738180 Paragraph Paragraph__End\">\u00ab\u00a0Ce sont des avions qu&rsquo;on ne pr\u00e9l\u00e8vera pas sur des avions de l&rsquo;arm\u00e9e fran\u00e7aise, puisque le Rafale sert notamment \u00e0 pr\u00e9server l&rsquo;int\u00e9grit\u00e9 du ciel fran\u00e7ais. On ne va pas pouvoir dire aux autres clients qu&rsquo;on stoppe les livraisons\u00a0\u00bb, \u00e9taye Marion Buchet, experte a\u00e9ronautique et ancienne pilote de chasse de l&rsquo;arm\u00e9e de l&rsquo;air et de l&rsquo;espace. Dans un long message <a href=\"https:\/\/x.com\/ZelenskyyUa\/status\/1990387415291208164\">post\u00e9 sur X<\/a>, Volodymyr Zelensky a dit esp\u00e9rer recevoir les \u00ab\u00a0100 avions Rafale F4 d&rsquo;ici 2035\u00a0\u00bb.<\/p>\n<p><a href=\"https:\/\/www.tf1info.fr\/international\/commande-de-100-avions-rafale-par-l-ukraine-5-choses-a-savoir-sur-ce-fleuron-de-l-industrie-de-defense-francaise-2407189.html\" rel=\"noopener\" class=\"jsx-3308031228 Link flex\" target=\"_blank\"><img decoding=\"async\" src=\"https:\/\/www.europesays.com\/fr\/wp-content\/uploads\/2025\/11\/rafale-serbie-d4dad8-0@1x.jpeg\" alt=\"Philippe LOPEZ \/ AFP\" loading=\"lazy\" importance=\"low\" fetchpriority=\"low\" class=\"\" aria-hidden=\"true\"\/><\/p>\n<p class=\"jsx-3657663356 ReadMoreArticle__Title\">Lire aussi<\/p>\n<p class=\"jsx-3657663356\">Commande de 100 Rafale par l&rsquo;Ukraine : 5 choses \u00e0 savoir sur ce fleuron de l&rsquo;industrie de d\u00e9fense fran\u00e7aise<\/p>\n<p><\/a><\/p>\n<p data-module=\"article-paragraph\" class=\"jsx-3046738180 Paragraph Paragraph__End\">Et qui va payer ? Un Rafale co\u00fbte entre 80 et 130 millions d&rsquo;euros. L&rsquo;Ukraine ne pourra donc pas assumer seule cette charge. Elle pourrait notamment \u00eatre aid\u00e9e par des financements europ\u00e9ens d\u00e9di\u00e9s \u00e0 l&rsquo;armement, mais aussi par l&rsquo;utilisation d&rsquo;avoirs russes gel\u00e9s. Le montant de la commande totale pourrait s&rsquo;\u00e9lever \u00e0 pr\u00e8s de 10 milliards d&rsquo;euros.<\/p>\n<p>La r\u00e9daction de TF1info | Reportage TF1 : Michel SCOTT, Bixente HACALA<\/p>\n","protected":false},"excerpt":{"rendered":"Si la vente \u00e0 l&rsquo;Ukraine, annonc\u00e9e ce lundi par Volodymyr Zelensky, a int\u00e9gralement lieu, il s&rsquo;agira de la&hellip;\n","protected":false},"author":2,"featured_media":541966,"comment_status":"","ping_status":"","sticky":false,"template":"","format":"standard","meta":{"footnotes":""},"categories":[1590],"tags":[65847,1111,11,1921,5925,1777,674,1922,2952,12,2543,220,1917,133,1920],"class_list":{"0":"post-541965","1":"post","2":"type-post","3":"status-publish","4":"format-standard","5":"has-post-thumbnail","7":"category-ukraine","8":"tag-accord-historique-entre-la-france-et-lukraine-sur-lachat-davions-rafale","9":"tag-actu","10":"tag-actualites","11":"tag-article-video","12":"tag-conflits-et-guerre","13":"tag-eu","14":"tag-europe","15":"tag-info","16":"tag-le-20h","17":"tag-news","18":"tag-relations-internationales","19":"tag-ukraine","20":"tag-ukraine-4-annee-de-guerre","21":"tag-video","22":"tag-video-international"},"share_on_mastodon":{"url":"https:\/\/pubeurope.com\/@fr\/115569435280971226","error":""},"_links":{"self":[{"href":"https:\/\/www.europesays.com\/fr\/wp-json\/wp\/v2\/posts\/541965","targetHints":{"allow":["GET"]}}],"collection":[{"href":"https:\/\/www.europesays.com\/fr\/wp-json\/wp\/v2\/posts"}],"about":[{"href":"https:\/\/www.europesays.com\/fr\/wp-json\/wp\/v2\/types\/post"}],"author":[{"embeddable":true,"href":"https:\/\/www.europesays.com\/fr\/wp-json\/wp\/v2\/users\/2"}],"replies":[{"embeddable":true,"href":"https:\/\/www.europesays.com\/fr\/wp-json\/wp\/v2\/comments?post=541965"}],"version-history":[{"count":0,"href":"https:\/\/www.europesays.com\/fr\/wp-json\/wp\/v2\/posts\/541965\/revisions"}],"wp:featuredmedia":[{"embeddable":true,"href":"https:\/\/www.europesays.com\/fr\/wp-json\/wp\/v2\/media\/541966"}],"wp:attachment":[{"href":"https:\/\/www.europesays.com\/fr\/wp-json\/wp\/v2\/media?parent=541965"}],"wp:term":[{"taxonomy":"category","embeddable":true,"href":"https:\/\/www.europesays.com\/fr\/wp-json\/wp\/v2\/categories?post=541965"},{"taxonomy":"post_tag","embeddable":true,"href":"https:\/\/www.europesays.com\/fr\/wp-json\/wp\/v2\/tags?post=541965"}],"curies":[{"name":"wp","href":"https:\/\/api.w.org\/{rel}","templated":true}]}}