{"id":541967,"date":"2025-11-18T07:06:16","date_gmt":"2025-11-18T07:06:16","guid":{"rendered":"https:\/\/www.europesays.com\/fr\/541967\/"},"modified":"2025-11-18T07:06:16","modified_gmt":"2025-11-18T07:06:16","slug":"le-conseil-de-securite-de-lonu-adopte-le-plan-de-paix-des-etats-unis","status":"publish","type":"post","link":"https:\/\/www.europesays.com\/fr\/541967\/","title":{"rendered":"le Conseil de s\u00e9curit\u00e9 de l\u2019ONU adopte le plan de paix des \u00c9tats-Unis"},"content":{"rendered":"<p>            <img decoding=\"async\" alt=\"Le Conseil de s\u00e9curit\u00e9 de l\u2019ONU adopte le plan de paix am\u00e9ricain.\" src=\"https:\/\/www.europesays.com\/fr\/wp-content\/uploads\/2025\/11\/sipa_sipausa30518852_000004.jpg\" width=\"375\" height=\"250\" loading=\"lazy\"\/><\/p>\n<p>\n    Le Conseil de s\u00e9curit\u00e9 de l\u2019ONU a adopt\u00e9 le plan de paix am\u00e9ricain.<\/p>\n<p>                SIPA<br \/>\n                                        \/<br \/>\n                                                    \u00a9 Lev Radin\/Sipa USA<\/p>\n<p>Un vote historique. Le Conseil de s\u00e9curit\u00e9 des Nations unies a adopt\u00e9 ce lundi\u00a017\u00a0novembre le <a href=\"https:\/\/www.lejdd.fr\/International\/gaza-quel-est-le-plan-de-paix-en-21-points-propose-par-trump-162435\" target=\"_blank\" rel=\"noopener\">plan de paix am\u00e9ricain<\/a> pour Gaza\u00a0: treize membres se sont montr\u00e9s favorables \u00e0 ce texte qui pr\u00e9voit, entre autres, le d\u00e9ploiement d\u2019une force internationale sur place. La Russie et la Chine se sont abstenues.<\/p>\n<p>Une r\u00e9solution \u00ab\u00a0grav\u00e9e dans l\u2019histoire\u00a0\u00bb<\/p>\n<p>L\u2019ambassadeur am\u00e9ricain aux Nations unies, Mike Waltz a qualifi\u00e9 cette r\u00e9solution d&rsquo;\u00ab\u00a0historique et constructif\u00a0\u00bb, tandis que <a href=\"https:\/\/www.lejdd.fr\/Donald-Trump\" target=\"_blank\" rel=\"noopener\">Donald Trump<\/a> s\u2019est r\u00e9joui de ce \u00ab\u00a0vote qui restera grav\u00e9 dans l\u2019histoire des Nations unies comme l\u2019une des plus importantes approbations de l\u2019histoire\u00a0\u00bb. De son c\u00f4t\u00e9, le Hamas a dit regretter qu\u2019il \u00ab\u00a0ne r\u00e9ponde pas aux exigences et aux droits\u00a0\u00bb des Palestiniens. Cette r\u00e9solution est toutefois soutenue par l\u2019Autorit\u00e9 palestinienne.<\/p>\n<p>    La suite apr\u00e8s cette publicit\u00e9<\/p>\n<p>Le plan en vingt points de Donald Trump avait conduit \u00e0 la mise en place d\u2019un cessez-le-feu \u00e0 Gaza d\u00e8s le 10\u00a0octobre dernier, apr\u00e8s deux ans de conflit arm\u00e9 particuli\u00e8rement meurtrier. Un Comit\u00e9 de la paix sera charg\u00e9 d\u2019une \u00ab\u00a0gouvernance de transition\u00a0\u00bb jusqu\u2019\u00e0 la r\u00e9forme de l\u2019Autorit\u00e9 palestinienne. Apr\u00e8s plusieurs n\u00e9gociations, cette r\u00e9solution \u00e9voque la possibilit\u00e9 d\u2019un \u00c9tat palestinien contrairement \u00e0 sa premi\u00e8re version. Ce que rejette le Premier ministre isra\u00e9lien, Benyamin Netanyahou\u00a0: \u00ab\u00a0Notre opposition \u00e0 un \u00c9tat palestinien sur quelque territoire que ce soit n\u2019a pas chang\u00e9.\u00a0\u00bb<\/p>\n<p>    La suite apr\u00e8s cette publicit\u00e9<\/p>\n<p>Le plan am\u00e9ricain implique \u00e9galement le retour des otages isra\u00e9liens. Si le Hamas a lib\u00e9r\u00e9 20 survivants contre le retour de 2\u00a0000 d\u00e9tenus palestiniens, trois d\u00e9pouilles \u2013 celles de deux Isra\u00e9liens et un ouvrier tha\u00eflandais \u2013 doivent encore \u00eatre rendues \u00e0 l\u2019\u00c9tat h\u00e9breu.<\/p>\n","protected":false},"excerpt":{"rendered":"Le Conseil de s\u00e9curit\u00e9 de l\u2019ONU a adopt\u00e9 le plan de paix am\u00e9ricain. SIPA \/ \u00a9 Lev Radin\/Sipa&hellip;\n","protected":false},"author":2,"featured_media":541968,"comment_status":"","ping_status":"","sticky":false,"template":"","format":"standard","meta":{"footnotes":""},"categories":[1589],"tags":[11,73,1866,12,1864,1865,1863,308],"class_list":{"0":"post-541967","1":"post","2":"type-post","3":"status-publish","4":"format-standard","5":"has-post-thumbnail","7":"category-etats-unis","8":"tag-actualites","9":"tag-etats-unis","10":"tag-etats-unis-damerique","11":"tag-news","12":"tag-united-states","13":"tag-united-states-of-america","14":"tag-us","15":"tag-usa"},"share_on_mastodon":{"url":"https:\/\/pubeurope.com\/@fr\/115569438844688058","error":""},"_links":{"self":[{"href":"https:\/\/www.europesays.com\/fr\/wp-json\/wp\/v2\/posts\/541967","targetHints":{"allow":["GET"]}}],"collection":[{"href":"https:\/\/www.europesays.com\/fr\/wp-json\/wp\/v2\/posts"}],"about":[{"href":"https:\/\/www.europesays.com\/fr\/wp-json\/wp\/v2\/types\/post"}],"author":[{"embeddable":true,"href":"https:\/\/www.europesays.com\/fr\/wp-json\/wp\/v2\/users\/2"}],"replies":[{"embeddable":true,"href":"https:\/\/www.europesays.com\/fr\/wp-json\/wp\/v2\/comments?post=541967"}],"version-history":[{"count":0,"href":"https:\/\/www.europesays.com\/fr\/wp-json\/wp\/v2\/posts\/541967\/revisions"}],"wp:featuredmedia":[{"embeddable":true,"href":"https:\/\/www.europesays.com\/fr\/wp-json\/wp\/v2\/media\/541968"}],"wp:attachment":[{"href":"https:\/\/www.europesays.com\/fr\/wp-json\/wp\/v2\/media?parent=541967"}],"wp:term":[{"taxonomy":"category","embeddable":true,"href":"https:\/\/www.europesays.com\/fr\/wp-json\/wp\/v2\/categories?post=541967"},{"taxonomy":"post_tag","embeddable":true,"href":"https:\/\/www.europesays.com\/fr\/wp-json\/wp\/v2\/tags?post=541967"}],"curies":[{"name":"wp","href":"https:\/\/api.w.org\/{rel}","templated":true}]}}