{"id":541969,"date":"2025-11-18T07:07:13","date_gmt":"2025-11-18T07:07:13","guid":{"rendered":"https:\/\/www.europesays.com\/fr\/541969\/"},"modified":"2025-11-18T07:07:13","modified_gmt":"2025-11-18T07:07:13","slug":"william-et-harry-de-londres-a-los-angeles-chacun-ses-choix","status":"publish","type":"post","link":"https:\/\/www.europesays.com\/fr\/541969\/","title":{"rendered":"William et Harry, de Londres \u00e0 Los Angeles, chacun ses choix"},"content":{"rendered":"<p>Article r\u00e9serv\u00e9 aux abonn\u00e9s<\/p>\n<p>Les images \u00e9meuvent le Royaume-Uni. Ce 8 novembre, au c\u00f4t\u00e9 de sa m\u00e8re <a target=\"_blank\" href=\"https:\/\/www.pointdevue.fr\/grand-angle\/biographies\/kate-middleton\" rel=\"nofollow noopener\">Catherine<\/a>, princesse de Galles, le prince <a target=\"_blank\" href=\"https:\/\/www.pointdevue.fr\/grand-angle\/biographies\/prince-george\" rel=\"nofollow noopener\">George<\/a> assiste pour la premi\u00e8re fois au Festival of Remembrance de la Royal British Legion au Royal Albert Hall de Londres. Dans la loge royale, le roi <a target=\"_blank\" href=\"https:\/\/www.pointdevue.fr\/grand-angle\/biographies\/charles-iii\" rel=\"nofollow noopener\">Charles III<\/a> et la reine <a target=\"_blank\" href=\"https:\/\/www.pointdevue.fr\/grand-angle\/biographies\/reine-camilla\" rel=\"nofollow noopener\">Camilla<\/a> accueillent avec tendresse celui qui est deuxi\u00e8me dans l\u2019ordre de succession au tr\u00f4ne. <strong>En costume sombre et cravate ray\u00e9e, le petit prince de 12 ans<\/strong> \u00e9coute les performances de sir Rod Stewart, mais aussi de Sam Ryder et Keala Settle.\u00a0<\/p>\n<p>Debout&#8230;\n                                        <\/p>\n<p class=\"paywall-title\"><strong>Lisez la suite gratuitement en vous connectant<\/strong><\/p>\n<p class=\"paywall-sub-title\">Avec votre compte gratuit, vous profiterez d\u2019une s\u00e9lection d\u2019articles et de newsletters offerts par la r\u00e9daction.<\/p>\n<p>            <a onclick=\"getModalSub()\" title=\"Ou d\u00e9bloquez l'int\u00e9gralit\u00e9 des articles, magazines et newsletters en vous abonnant \u00e0 Point de Vue d\u00e8s 1\u20ac :\" class=\"button-dark bt-modal bt-modal-id\" data-modal-id=\"modal-register\">Continuer<\/a><\/p>\n<p class=\"paywall-sub-button\">Ou d\u00e9bloquez l&rsquo;int\u00e9gralit\u00e9 des articles, magazines et newsletters en vous abonnant \u00e0 Point de Vue d\u00e8s 1\u20ac :<\/p>\n<p class=\"paywall-info-button\">Pourquoi cet article est-il r\u00e9serv\u00e9 aux abonn\u00e9s ?<\/p>\n<p>                <img loading=\"lazy\" decoding=\"async\" src=\"https:\/\/www.europesays.com\/fr\/wp-content\/uploads\/2025\/04\/adelaide.jpg\" width=\"90\" height=\"90\" alt=\"Ad\u00e9la\u00efde de Clermont-Tonnerre\"\/><\/p>\n<p>Un journalisme d\u2019excellence, des contenus exclusifs, telle est la mission de Point de Vue. Chaque article que nous produisons est le fruit d\u2019un travail m\u00e9ticuleux, d\u2019une passion pour l\u2019investigation et d\u2019une volont\u00e9 de vous apporter des perspectives uniques sur le monde et ses personnalit\u00e9s influentes. Source d\u2019inspiration, notre magazine vous permet de r\u00eaver, de vous \u00e9vader, de vous cultiver gr\u00e2ce \u00e0 une \u00e9quipe d\u2019experts et de passionn\u00e9s, soucieux de porter haut les couleurs de ce magazine qui a f\u00eat\u00e9 ses 80 ans. Votre abonnement, votre confiance, nous permet de continuer cette qu\u00eate d\u2019excellence, d\u2019envoyer nos journalistes sur le terrain, \u00e0 la recherche des reportages et des exclusivit\u00e9s qui font la diff\u00e9rence tout en garantissant l\u2019ind\u00e9pendance et la qualit\u00e9 de nos \u00e9crits. En choisissant de nous rejoindre, vous entrez dans le cercle des amis de Point de Vue et nous vous en remercions. Plus que jamais nous avons \u00e0 c\u0153ur de vous informer avec \u00e9l\u00e9gance et rigueur.<\/p>\n<p class=\"paywall-author\">Ad\u00e9la\u00efde de Clermont-Tonnerre, Directrice de la r\u00e9daction<\/p>\n","protected":false},"excerpt":{"rendered":"Article r\u00e9serv\u00e9 aux abonn\u00e9s Les images \u00e9meuvent le Royaume-Uni. Ce 8 novembre, au c\u00f4t\u00e9 de sa m\u00e8re Catherine,&hellip;\n","protected":false},"author":2,"featured_media":541970,"comment_status":"","ping_status":"","sticky":false,"template":"","format":"standard","meta":{"footnotes":""},"categories":[1588],"tags":[11,1777,674,12,473,1853,1851,1850,1852],"class_list":{"0":"post-541969","1":"post","2":"type-post","3":"status-publish","4":"format-standard","5":"has-post-thumbnail","7":"category-royaume-uni","8":"tag-actualites","9":"tag-eu","10":"tag-europe","11":"tag-news","12":"tag-royaume-uni","13":"tag-royaume-uni-de-grande-bretagne-et-dirlande-du-nord","14":"tag-uk","15":"tag-united-kingdom","16":"tag-united-kingdom-of-great-britain-and-northern-ireland"},"share_on_mastodon":{"url":"https:\/\/pubeurope.com\/@fr\/115569442552672933","error":""},"_links":{"self":[{"href":"https:\/\/www.europesays.com\/fr\/wp-json\/wp\/v2\/posts\/541969","targetHints":{"allow":["GET"]}}],"collection":[{"href":"https:\/\/www.europesays.com\/fr\/wp-json\/wp\/v2\/posts"}],"about":[{"href":"https:\/\/www.europesays.com\/fr\/wp-json\/wp\/v2\/types\/post"}],"author":[{"embeddable":true,"href":"https:\/\/www.europesays.com\/fr\/wp-json\/wp\/v2\/users\/2"}],"replies":[{"embeddable":true,"href":"https:\/\/www.europesays.com\/fr\/wp-json\/wp\/v2\/comments?post=541969"}],"version-history":[{"count":0,"href":"https:\/\/www.europesays.com\/fr\/wp-json\/wp\/v2\/posts\/541969\/revisions"}],"wp:featuredmedia":[{"embeddable":true,"href":"https:\/\/www.europesays.com\/fr\/wp-json\/wp\/v2\/media\/541970"}],"wp:attachment":[{"href":"https:\/\/www.europesays.com\/fr\/wp-json\/wp\/v2\/media?parent=541969"}],"wp:term":[{"taxonomy":"category","embeddable":true,"href":"https:\/\/www.europesays.com\/fr\/wp-json\/wp\/v2\/categories?post=541969"},{"taxonomy":"post_tag","embeddable":true,"href":"https:\/\/www.europesays.com\/fr\/wp-json\/wp\/v2\/tags?post=541969"}],"curies":[{"name":"wp","href":"https:\/\/api.w.org\/{rel}","templated":true}]}}