{"id":541971,"date":"2025-11-18T07:08:15","date_gmt":"2025-11-18T07:08:15","guid":{"rendered":"https:\/\/www.europesays.com\/fr\/541971\/"},"modified":"2025-11-18T07:08:15","modified_gmt":"2025-11-18T07:08:15","slug":"marcel-fratzscher-economiste-lallemagne-est-a-la-veille-dune-grande-transformation-mais-ce-processus-prendra-du-temps","status":"publish","type":"post","link":"https:\/\/www.europesays.com\/fr\/541971\/","title":{"rendered":"Marcel Fratzscher, \u00e9conomiste: \u00abL\u2019Allemagne est \u00e0 la veille d\u2019une grande transformation, mais ce processus prendra du temps\u00bb"},"content":{"rendered":"<p>    R\u00e9sum\u00e9 en 20 secondes<\/p>\n<p>        En savoir plus sur ce type de contenu<\/p>\n<p>Ce r\u00e9sum\u00e9 peut avoir \u00e9t\u00e9 \u00e9crit avec l&rsquo;assistance d\u2019une IA g\u00e9n\u00e9rative. <a href=\"https:\/\/www.letemps.ch\/cyber\/l-usage-de-l-ia-generative-par-les-journalistes-du-temps\" rel=\"nofollow noopener\" target=\"_blank\">En savoir plus<\/a><\/p>\n<p class=\"article__abstract-call-to-action\" data-ariato=\"TrackableElement\" data-trackable-element-type=\"article_abstract_cta\" data-trackable-element-location=\"article_header\" data-trackable-element-id=\"512436\">\n        <a data-event=\"click-&gt;clicked\" href=\"https:\/\/www.letemps.ch\/abonnements\" rel=\"nofollow noopener\" target=\"_blank\">Abonnez-vous<\/a> pour acc\u00e9der au r\u00e9sum\u00e9 en 20 secondes.\n      <\/p>\n<p>Apr\u00e8s deux ann\u00e9es de r\u00e9cession successives, Berlin voit grand et a d\u00e9cid\u00e9 d\u2019assouplir son frein \u00e0 l\u2019endettement afin de pouvoir injecter des montants colossaux dans divers secteurs, dont les infrastructures. Les r\u00e9seaux ferroviaires, routes et ponts, vieillissants, n\u00e9cessitent en effet d\u2019importants investissements afin que l\u2019Allemagne puisse de nouveau jouer son r\u00f4le de locomotive de l\u2019Europe. A la veille de son intervention au Centre international d\u2019\u00e9tudes mon\u00e9taires et bancaires \u00e0 Gen\u00e8ve, l\u2019\u00e9conomiste Marcel Fratzscher, pr\u00e9sident du German Institute for Economic Research (DIW), un influent centre de recherches conjoncturelles, explique les principaux d\u00e9fis auxquels le pays est confront\u00e9 au cours des prochaines ann\u00e9es.<\/p>\n<p>Lire aussi: <a href=\"https:\/\/www.letemps.ch\/articles\/l-allemagne-dont-l-europe-a-besoin-trente-cinq-ans-apres-la-reunification\" rel=\"nofollow noopener\" target=\"_blank\">L\u2019Allemagne dont l\u2019Europe a besoin, trente-cinq\u00a0ans apr\u00e8s la r\u00e9unification<\/a>  <\/p>\n","protected":false},"excerpt":{"rendered":"R\u00e9sum\u00e9 en 20 secondes En savoir plus sur ce type de contenu Ce r\u00e9sum\u00e9 peut avoir \u00e9t\u00e9 \u00e9crit&hellip;\n","protected":false},"author":2,"featured_media":541972,"comment_status":"","ping_status":"","sticky":false,"template":"","format":"standard","meta":{"footnotes":""},"categories":[1587],"tags":[11,672,1804,1805,1803,1777,674,1801,12,301,1802],"class_list":{"0":"post-541971","1":"post","2":"type-post","3":"status-publish","4":"format-standard","5":"has-post-thumbnail","7":"category-allemagne","8":"tag-actualites","9":"tag-allemagne","10":"tag-bundesrepublik-deutschland","11":"tag-de","12":"tag-deutschland","13":"tag-eu","14":"tag-europe","15":"tag-germany","16":"tag-news","17":"tag-premium","18":"tag-republique-federale-dallemagne"},"share_on_mastodon":{"url":"https:\/\/pubeurope.com\/@fr\/115569446413647634","error":""},"_links":{"self":[{"href":"https:\/\/www.europesays.com\/fr\/wp-json\/wp\/v2\/posts\/541971","targetHints":{"allow":["GET"]}}],"collection":[{"href":"https:\/\/www.europesays.com\/fr\/wp-json\/wp\/v2\/posts"}],"about":[{"href":"https:\/\/www.europesays.com\/fr\/wp-json\/wp\/v2\/types\/post"}],"author":[{"embeddable":true,"href":"https:\/\/www.europesays.com\/fr\/wp-json\/wp\/v2\/users\/2"}],"replies":[{"embeddable":true,"href":"https:\/\/www.europesays.com\/fr\/wp-json\/wp\/v2\/comments?post=541971"}],"version-history":[{"count":0,"href":"https:\/\/www.europesays.com\/fr\/wp-json\/wp\/v2\/posts\/541971\/revisions"}],"wp:featuredmedia":[{"embeddable":true,"href":"https:\/\/www.europesays.com\/fr\/wp-json\/wp\/v2\/media\/541972"}],"wp:attachment":[{"href":"https:\/\/www.europesays.com\/fr\/wp-json\/wp\/v2\/media?parent=541971"}],"wp:term":[{"taxonomy":"category","embeddable":true,"href":"https:\/\/www.europesays.com\/fr\/wp-json\/wp\/v2\/categories?post=541971"},{"taxonomy":"post_tag","embeddable":true,"href":"https:\/\/www.europesays.com\/fr\/wp-json\/wp\/v2\/tags?post=541971"}],"curies":[{"name":"wp","href":"https:\/\/api.w.org\/{rel}","templated":true}]}}