{"id":541973,"date":"2025-11-18T07:09:14","date_gmt":"2025-11-18T07:09:14","guid":{"rendered":"https:\/\/www.europesays.com\/fr\/541973\/"},"modified":"2025-11-18T07:09:14","modified_gmt":"2025-11-18T07:09:14","slug":"les-valeurs-a-suivre-a-paris-et-en-europe-actualise-18-11-2025-a-0745","status":"publish","type":"post","link":"https:\/\/www.europesays.com\/fr\/541973\/","title":{"rendered":"Les valeurs \u00e0 suivre \u00e0 Paris et en Europe (actualis\u00e9) &#8211; 18\/11\/2025 \u00e0 07:45"},"content":{"rendered":"<p>\n (Actualis\u00e9 avec Amundi, Cr\u00e9dit Agricole SA,)\n<\/p>\n<p>\n *\n<\/p>\n<p>\n Variation des futures sur indice CAC 40  0#FCE:\n<\/p>\n<p>\n *\n<\/p>\n<p>\n Variation des futures sur indice Stoxx 600  0#FXXP:\n<\/p>\n<p>\n *\n<\/p>\n<p>\n Valeurs qui se traitent ex-dividende  .EX.PA\n<\/p>\n<p>\n *\n<\/p>\n<p>\n Le point sur les march\u00e9s europ\u00e9ens  .EUFR\n<\/p>\n<p>\n Les valeurs \u00e0 suivre<br \/>\nmardi \u00e0 la Bourse de Paris et en Europe :\n<\/p>\n<p>\n * CR\u00c9DIT AGRICOLE SA<br \/>\n <a href=\"https:\/\/www.boursorama.com\/cours\/1rPACA\/\" target=\"_blank\" rel=\"noopener\"><br \/>\n  CAGR.PA<br \/>\n <\/a><br \/>\n s&rsquo;est fix\u00e9 mardi un nouvel<br \/>\nobjectif de b\u00e9n\u00e9fice de plus de 8,5 milliards d&rsquo;euros pour 2028,<br \/>\nd\u00e9passant les attentes, alors que les investisseurs suivent de<br \/>\npr\u00e8s la mont\u00e9e du groupe bancaire fran\u00e7ais au capital de son<br \/>\nconcurrent italien BANCO BPM<br \/>\n <a href=\"https:\/\/www.boursorama.com\/cours\/1gBAMI\/\" target=\"_blank\" rel=\"noopener\"><br \/>\n  BAMI.MI<br \/>\n <\/a><br \/>\n .\n<\/p>\n<p>\n * AMUNDI<br \/>\n <a href=\"https:\/\/www.boursorama.com\/cours\/1rPAMUN\/\" target=\"_blank\" rel=\"noopener\"><br \/>\n  AMUN.PA<br \/>\n <\/a><br \/>\n a annonc\u00e9 mardi la signature d\u2019un<br \/>\npartenariat strat\u00e9gique avec Intermediate CAPITAL GROUP (ICG)\n<\/p>\n<p>\n ICGIN.L , dans le cadre duquel le premier gestionnaire d&rsquo;actifs<br \/>\neurop\u00e9en prendra \u00e9galement une participation de 9,9% dans son<br \/>\nconcurrent cot\u00e9 \u00e0 Londres.\n<\/p>\n<p>\n * ADP<br \/>\n <a href=\"https:\/\/www.boursorama.com\/cours\/1rPADP\/\" target=\"_blank\" rel=\"noopener\"><br \/>\n  ADP.PA<br \/>\n <\/a><br \/>\n &#8211; L&rsquo;op\u00e9rateur a\u00e9roportuaire a fait \u00e9tat lundi<br \/>\nsoir d&rsquo;un trafic groupe en octobre de 34,2 millions de<br \/>\npassagers, en hausse de 5%.\n<\/p>\n<p>\n * RUBIS<br \/>\n <a href=\"https:\/\/www.boursorama.com\/cours\/1rPRUI\/\" target=\"_blank\" rel=\"noopener\"><br \/>\n  RUBF.PA<br \/>\n <\/a><br \/>\n a annonc\u00e9 lundi un programme de rachat<br \/>\nd&rsquo;actions pour un montant maximal de 8 millions d&rsquo;euros.\n<\/p>\n<p>\n * ABB<br \/>\n <a href=\"https:\/\/www.boursorama.com\/cours\/2aABBN\/\" target=\"_blank\" rel=\"noopener\"><br \/>\n  ABBN.S<br \/>\n <\/a><br \/>\n la soci\u00e9t\u00e9 d&rsquo;ing\u00e9nierie suisse tient mardi sa<br \/>\njourn\u00e9e investisseurs.\n<\/p>\n<p>\n L&rsquo;AGENDA FRANCE &amp; INTERNATIONAL \u00c0 7 JOURS:<br \/>\n nL8N3WT069\n<\/p>\n<p>\n (R\u00e9dig\u00e9 par Diana Mandia et Claude Chendjou, \u00e9dit\u00e9 par Blandine<br \/>\nH\u00e9nault)<\/p>\n","protected":false},"excerpt":{"rendered":"(Actualis\u00e9 avec Amundi, Cr\u00e9dit Agricole SA,) * Variation des futures sur indice CAC 40 0#FCE: * Variation des&hellip;\n","protected":false},"author":2,"featured_media":64038,"comment_status":"","ping_status":"","sticky":false,"template":"","format":"standard","meta":{"footnotes":""},"categories":[1586],"tags":[400,11,398,408,405,1777,674,1011,27,403,402,399,404,12,25,401,406,407],"class_list":{"0":"post-541973","1":"post","2":"type-post","3":"status-publish","4":"format-standard","5":"has-post-thumbnail","7":"category-europe","8":"tag-action-cac-40","9":"tag-actualites","10":"tag-bourse-de-paris","11":"tag-boursorama","12":"tag-cotations","13":"tag-eu","14":"tag-europe","15":"tag-fr","16":"tag-france","17":"tag-indices-devises","18":"tag-investir","19":"tag-investissement","20":"tag-marche-boursier","21":"tag-news","22":"tag-republique-francaise","23":"tag-sicav","24":"tag-trackers","25":"tag-warrants"},"share_on_mastodon":{"url":"https:\/\/pubeurope.com\/@fr\/115569450356214467","error":""},"_links":{"self":[{"href":"https:\/\/www.europesays.com\/fr\/wp-json\/wp\/v2\/posts\/541973","targetHints":{"allow":["GET"]}}],"collection":[{"href":"https:\/\/www.europesays.com\/fr\/wp-json\/wp\/v2\/posts"}],"about":[{"href":"https:\/\/www.europesays.com\/fr\/wp-json\/wp\/v2\/types\/post"}],"author":[{"embeddable":true,"href":"https:\/\/www.europesays.com\/fr\/wp-json\/wp\/v2\/users\/2"}],"replies":[{"embeddable":true,"href":"https:\/\/www.europesays.com\/fr\/wp-json\/wp\/v2\/comments?post=541973"}],"version-history":[{"count":0,"href":"https:\/\/www.europesays.com\/fr\/wp-json\/wp\/v2\/posts\/541973\/revisions"}],"wp:featuredmedia":[{"embeddable":true,"href":"https:\/\/www.europesays.com\/fr\/wp-json\/wp\/v2\/media\/64038"}],"wp:attachment":[{"href":"https:\/\/www.europesays.com\/fr\/wp-json\/wp\/v2\/media?parent=541973"}],"wp:term":[{"taxonomy":"category","embeddable":true,"href":"https:\/\/www.europesays.com\/fr\/wp-json\/wp\/v2\/categories?post=541973"},{"taxonomy":"post_tag","embeddable":true,"href":"https:\/\/www.europesays.com\/fr\/wp-json\/wp\/v2\/tags?post=541973"}],"curies":[{"name":"wp","href":"https:\/\/api.w.org\/{rel}","templated":true}]}}