{"id":54198,"date":"2025-04-26T10:53:10","date_gmt":"2025-04-26T10:53:10","guid":{"rendered":"https:\/\/www.europesays.com\/fr\/54198\/"},"modified":"2025-04-26T10:53:10","modified_gmt":"2025-04-26T10:53:10","slug":"chiiing-un-vrai-festival-de-la-creativite-sport","status":"publish","type":"post","link":"https:\/\/www.europesays.com\/fr\/54198\/","title":{"rendered":"Chiiing, un vrai festival de la cr\u00e9ativit\u00e9 . Sport"},"content":{"rendered":"<p>Le premier jour de Chiiing, jeudi, \u00e9tait r\u00e9serv\u00e9 aux professionnels. Ce vendredi 25\u00a0avril \u00e9tait d\u00e9di\u00e9 aux \u00e9tudiants. \u00c0 la mi-journ\u00e9e, place \u00e0 l\u2019impro dans cet atelier de la Halle 1, \u00eele de Nantes. Les jeunes de l\u2019\u00e9cole e.artsup ont install\u00e9 une sc\u00e8ne. Deux artistes, Marion Gu\u00e9rin, et J\u00e9r\u00e9my Rozes, interviennent pendant une heure et encha\u00eenent cinq ou six sayn\u00e8tes. \u00c0 chaque fois, le public leur donne quelques mots-cl\u00e9s pour caract\u00e9riser les personnages qu\u2019ils vont jouer. <strong>\u00ab\u00a0L\u2019improvisation, c\u2019est tout un art, on ne sait pas se qui va se passer, mais il va se passer quelque chose,<\/strong> sourit Marion Gu\u00e9rin, artiste rod\u00e9e \u00e0 l\u2019exercice.<strong> On fait beaucoup d\u2019interventions th\u00e9\u00e2tralis\u00e9es dans les entreprises, \u00e0 chaque fois, on s\u2019adapte \u00e0 la demande. L\u00e0 c\u2019est devant un public d\u2019\u00e9tudiant, pendant ces journ\u00e9es de la cr\u00e9ativit\u00e9, c\u2019est stimulant.\u00a0\u00bb<\/strong><\/p>\n<p>\t<img decoding=\"async\" src=\"https:\/\/www.europesays.com\/fr\/wp-content\/uploads\/2025\/04\/P35192585D6781694G_px_640_.jpg\" alt=\"photo les \u00e9tudiants d\u2019e.artsup sur la sc\u00e8ne d\u2019impro install\u00e9e sous les halles 1 et 2\u00a0vendredi 25\u00a0avril lors des journ\u00e9es nantaises de la cr\u00e9ativit\u00e9.  \u00a9  ouest-france\" width=\"640\" title=\" Les \u00e9tudiants d\u2019e.artsup sur la sc\u00e8ne d\u2019impro install\u00e9e sous les Halles 1 et 2\u00a0vendredi 25\u00a0avril lors des Journ\u00e9es nantaises de la cr\u00e9ativit\u00e9.   Ouest-France \"\/><\/p>\n<p class=\"elmt-legende\"> Les \u00e9tudiants d\u2019e.artsup sur la sc\u00e8ne d\u2019impro install\u00e9e sous les Halles 1 et 2\u00a0vendredi 25\u00a0avril lors des Journ\u00e9es nantaises de la cr\u00e9ativit\u00e9.   Ouest-France <\/p>\n<p><strong>\u00ab\u00a0Montrer que tout le monde peut \u00eatre cr\u00e9atif dans son domaine, c\u2019est le but recherch\u00e9 de Chiiing\u00a0\u00bb<\/strong>, lance Corentin Vital, co organisateur de la Samoa. Pour cette quatri\u00e8me \u00e9dition des journ\u00e9es de la cr\u00e9ativit\u00e9, le th\u00e8me choisi est la (re) connexion.<strong> \u00ab\u00a0Dans une p\u00e9riode pas terrible, o\u00f9 chacun vit dans son coin, l\u2019id\u00e9e est de s\u2019interroger sur les outils pour reconnecter les gens en vrai, cr\u00e9er du lien<\/strong>. <strong>Samedi et dimanche on propose un week-end ouvert au public, sous les halles en f\u00eate, avec une expo-vente d\u2019art et d\u2019artisanat, un bal folk, une grande vente de plantes \u00e0 la cantine X french tech, une friperie solidaire \u00e0 l\u2019\u00e9cole des Beaux-arts, un d\u00e9fil\u00e9 de mode \u00e0 l\u2019\u00e9cole d\u2019architecture, un march\u00e9 des cr\u00e9ateurs \u00e0 Magmaa. Tout le quartier va s\u2019animer\u00a0!\u00a0\u00bb<\/strong><\/p>\n<p><strong>Samedi 26\u00a0avril,<\/strong> 11\u00a0h \u00e0 20\u00a0h et <strong>dimanche 27\u00a0avril,<\/strong> de 11\u00a0h \u00e0 18\u00a0h, Halles 1 et 2, 5, all\u00e9e Frida-Kahlo \u00e0 Nantes. <strong>Contact.<\/strong> chtiiing-nantes.fr<\/p>\n<p>\u00a0<\/p>\n","protected":false},"excerpt":{"rendered":"Le premier jour de Chiiing, jeudi, \u00e9tait r\u00e9serv\u00e9 aux professionnels. Ce vendredi 25\u00a0avril \u00e9tait d\u00e9di\u00e9 aux \u00e9tudiants. \u00c0&hellip;\n","protected":false},"author":2,"featured_media":54199,"comment_status":"","ping_status":"","sticky":false,"template":"","format":"standard","meta":{"footnotes":""},"categories":[2818],"tags":[1111,11,3809,1465,1777,674,63,1011,27,1792,1922,766,12,2636,25,479,517,1470],"class_list":{"0":"post-54198","1":"post","2":"type-post","3":"status-publish","4":"format-standard","5":"has-post-thumbnail","7":"category-nantes","8":"tag-actu","9":"tag-actualites","10":"tag-ball","11":"tag-basket","12":"tag-eu","13":"tag-europe","14":"tag-football","15":"tag-fr","16":"tag-france","17":"tag-handball","18":"tag-info","19":"tag-nantes","20":"tag-news","21":"tag-pays-de-la-loire","22":"tag-republique-francaise","23":"tag-rugby","24":"tag-sport","25":"tag-volley"},"share_on_mastodon":{"url":"https:\/\/pubeurope.com\/@fr\/114403895224320095","error":""},"_links":{"self":[{"href":"https:\/\/www.europesays.com\/fr\/wp-json\/wp\/v2\/posts\/54198","targetHints":{"allow":["GET"]}}],"collection":[{"href":"https:\/\/www.europesays.com\/fr\/wp-json\/wp\/v2\/posts"}],"about":[{"href":"https:\/\/www.europesays.com\/fr\/wp-json\/wp\/v2\/types\/post"}],"author":[{"embeddable":true,"href":"https:\/\/www.europesays.com\/fr\/wp-json\/wp\/v2\/users\/2"}],"replies":[{"embeddable":true,"href":"https:\/\/www.europesays.com\/fr\/wp-json\/wp\/v2\/comments?post=54198"}],"version-history":[{"count":0,"href":"https:\/\/www.europesays.com\/fr\/wp-json\/wp\/v2\/posts\/54198\/revisions"}],"wp:featuredmedia":[{"embeddable":true,"href":"https:\/\/www.europesays.com\/fr\/wp-json\/wp\/v2\/media\/54199"}],"wp:attachment":[{"href":"https:\/\/www.europesays.com\/fr\/wp-json\/wp\/v2\/media?parent=54198"}],"wp:term":[{"taxonomy":"category","embeddable":true,"href":"https:\/\/www.europesays.com\/fr\/wp-json\/wp\/v2\/categories?post=54198"},{"taxonomy":"post_tag","embeddable":true,"href":"https:\/\/www.europesays.com\/fr\/wp-json\/wp\/v2\/tags?post=54198"}],"curies":[{"name":"wp","href":"https:\/\/api.w.org\/{rel}","templated":true}]}}