{"id":541984,"date":"2025-11-18T07:17:17","date_gmt":"2025-11-18T07:17:17","guid":{"rendered":"https:\/\/www.europesays.com\/fr\/541984\/"},"modified":"2025-11-18T07:17:17","modified_gmt":"2025-11-18T07:17:17","slug":"la-france-retombe-sur-litalie-et-la-suisse-les-groupes-de-ledition-2026-devoiles","status":"publish","type":"post","link":"https:\/\/www.europesays.com\/fr\/541984\/","title":{"rendered":"la France retombe sur l\u2019Italie et la Suisse, les groupes de l\u2019\u00e9dition 2026 d\u00e9voil\u00e9s"},"content":{"rendered":"<p>                <img decoding=\"async\" src=\"https:\/\/www.europesays.com\/fr\/wp-content\/uploads\/2025\/11\/BAZQ.jpg\" fetchpriority=\"high\" alt=\"United Cup : la France retombe sur l\u2019Italie et la Suisse, les groupes de l\u2019\u00e9dition 2026 d\u00e9voil\u00e9s\"\/><\/p>\n<p>La saison 2026 d\u00e9marrera avec la United Cup (2-11 janvier), comp\u00e9tition mixte par \u00e9quipes qui en sera \u00e0 sa quatri\u00e8me \u00e9dition.<\/p>\n<p>Dix-huit nations y participeront, et le tirage au sort des groupes, effectu\u00e9 ce lundi, a livr\u00e9 ses premiers verdicts. \u00c0 Perth, les \u00c9tats-Unis, champions en titre, ont \u00e9t\u00e9 plac\u00e9s dans le groupe A aux c\u00f4t\u00e9s de l\u2019Espagne et de l\u2019Argentine.<\/p>\n<p>La France, emmen\u00e9e par Arthur Rinderknech et Lo\u00efs Boisson, se retrouve dans le m\u00eame groupe que l\u2019an dernier, avec l\u2019Italie de Jasmine Paolini ainsi que la Suisse de Stan Wawrinka.<\/p>\n<p>Le groupe E offrira \u00e9galement de belles affiches, avec la Grande-Bretagne de Draper et Raducanu, la Gr\u00e8ce de Tsitsipas et Sakkari, ainsi que le Japon de Naomi Osaka.<\/p>\n<p>\u00c0 Sydney, le groupe B r\u00e9unira le Canada, la Belgique et la Chine. Dans le groupe D, l\u2019Australie, pays h\u00f4te, devra se mesurer \u00e0 la R\u00e9publique tch\u00e8que et \u00e0 la Norv\u00e8ge. Enfin, la Pologne d\u2019Iga Swiatek et Hubert Hurkacz, finaliste des deux derni\u00e8res \u00e9ditions, croisera la route de l\u2019Allemagne d\u2019Alexander Zverev et des Pays-Bas dans le groupe F.<\/p>\n","protected":false},"excerpt":{"rendered":"La saison 2026 d\u00e9marrera avec la United Cup (2-11 janvier), comp\u00e9tition mixte par \u00e9quipes qui en sera \u00e0&hellip;\n","protected":false},"author":2,"featured_media":541985,"comment_status":"","ping_status":"","sticky":false,"template":"","format":"standard","meta":{"footnotes":""},"categories":[1415],"tags":[1011,27,60,1467],"class_list":{"0":"post-541984","1":"post","2":"type-post","3":"status-publish","4":"format-standard","5":"has-post-thumbnail","7":"category-tennis","8":"tag-fr","9":"tag-france","10":"tag-sports","11":"tag-tennis"},"share_on_mastodon":{"url":"https:\/\/pubeurope.com\/@fr\/115569482386304300","error":""},"_links":{"self":[{"href":"https:\/\/www.europesays.com\/fr\/wp-json\/wp\/v2\/posts\/541984","targetHints":{"allow":["GET"]}}],"collection":[{"href":"https:\/\/www.europesays.com\/fr\/wp-json\/wp\/v2\/posts"}],"about":[{"href":"https:\/\/www.europesays.com\/fr\/wp-json\/wp\/v2\/types\/post"}],"author":[{"embeddable":true,"href":"https:\/\/www.europesays.com\/fr\/wp-json\/wp\/v2\/users\/2"}],"replies":[{"embeddable":true,"href":"https:\/\/www.europesays.com\/fr\/wp-json\/wp\/v2\/comments?post=541984"}],"version-history":[{"count":0,"href":"https:\/\/www.europesays.com\/fr\/wp-json\/wp\/v2\/posts\/541984\/revisions"}],"wp:featuredmedia":[{"embeddable":true,"href":"https:\/\/www.europesays.com\/fr\/wp-json\/wp\/v2\/media\/541985"}],"wp:attachment":[{"href":"https:\/\/www.europesays.com\/fr\/wp-json\/wp\/v2\/media?parent=541984"}],"wp:term":[{"taxonomy":"category","embeddable":true,"href":"https:\/\/www.europesays.com\/fr\/wp-json\/wp\/v2\/categories?post=541984"},{"taxonomy":"post_tag","embeddable":true,"href":"https:\/\/www.europesays.com\/fr\/wp-json\/wp\/v2\/tags?post=541984"}],"curies":[{"name":"wp","href":"https:\/\/api.w.org\/{rel}","templated":true}]}}