{"id":541986,"date":"2025-11-18T07:21:12","date_gmt":"2025-11-18T07:21:12","guid":{"rendered":"https:\/\/www.europesays.com\/fr\/541986\/"},"modified":"2025-11-18T07:21:12","modified_gmt":"2025-11-18T07:21:12","slug":"la-suisse-candidate-a-un-championnat-deurope-actualite","status":"publish","type":"post","link":"https:\/\/www.europesays.com\/fr\/541986\/","title":{"rendered":"La Suisse candidate \u00e0 un Championnat d&rsquo;Europe &#8211; Actualit\u00e9"},"content":{"rendered":"<p style=\"text-align: justify;\">Le Championnat d&rsquo;Europe multisports devrait avoir lieu en 2030. Organis\u00e9 tous les quatre ans depuis 2018 (Glasgow 2018 et Munich 2022), il a \u00e9t\u00e9 <a href=\"https:\/\/www.directvelo.com\/actualite\/118770\/pas-de-championnat-deurope-multisports-en-2026\" target=\"_blank\" rel=\"noopener\"><strong>annul\u00e9 pour 2026<\/strong><\/a>. Pour 2030, un pays vient de se porter candidat, la Suisse, qui avait d\u00e9j\u00e0 \u00e9voqu\u00e9 une candidature pour 2026.<\/p>\n<p>Les d\u00e9l\u00e9gu\u00e9s des f\u00e9d\u00e9rations sportives suisses, rassembl\u00e9s dans le Parlement du sport, ont approuv\u00e9 la candidature de la Suisse pour 2030, annonce Swiss Cycling, la f\u00e9d\u00e9ration suisse de cyclisme. Le v\u00e9lo fait partie des onze sports concern\u00e9s par ce Super Championnat d&rsquo;Europe : l&rsquo;athl\u00e9tisme, l&rsquo;aviron, l&rsquo;escalade, le basket 3&#215;3, le beach-volley, le cano\u00eb-kayak, le tennis de table, le triathlon, la gymnastique artistique et l&rsquo;unihockey. Les comp\u00e9titions seront r\u00e9parties dans sept villes suisses.<\/p>\n<p>Pour le cyclisme, l&rsquo;Union europ\u00e9enne de cyclisme d\u00e9cernera ses titres continentaux pour la route, la piste (\u00e0 Granges), le VTT et le BMX.\u00a0<\/p>\n<p>Selon le tableau du calendrier des Championnats d&rsquo;Europe publi\u00e9 par l&rsquo;UEC, les comp\u00e9titions sur route Espoirs et Juniors ne sont pas concern\u00e9es par le Championnat d&rsquo;Europe multisport pour l&rsquo;instant.<\/p>\n<p>La Suisse a organis\u00e9 pour la derni\u00e8re fois le Championnat d&rsquo;Europe sur piste \u00c9lites en 2023 \u00e0 Granges et les \u00e9preuves sur route en 2014 \u00e0 Nyon, quand les Elites n&rsquo;y participaient pas encore.<\/p>\n","protected":false},"excerpt":{"rendered":"Le Championnat d&rsquo;Europe multisports devrait avoir lieu en 2030. Organis\u00e9 tous les quatre ans depuis 2018 (Glasgow 2018&hellip;\n","protected":false},"author":2,"featured_media":541987,"comment_status":"","ping_status":"","sticky":false,"template":"","format":"standard","meta":{"footnotes":""},"categories":[1411],"tags":[834,828,836,829,837,827,83,826,824,823,1154,207,814,817,815,816,822,821,832,211,839,1011,27,820,818,819,835,831,830,833,838,60,212,208,825],"class_list":{"0":"post-541986","1":"post","2":"type-post","3":"status-publish","4":"format-standard","5":"has-post-thumbnail","7":"category-cyclisme","8":"tag-attaque","9":"tag-belgique","10":"tag-braquet","11":"tag-bretagne","12":"tag-chute","13":"tag-competition","14":"tag-coupe-de-france","15":"tag-coureur","16":"tag-course-cyclisme","17":"tag-course-cycliste","18":"tag-cycling","19":"tag-cyclisme","20":"tag-direct","21":"tag-direct-velo","22":"tag-directvelo","23":"tag-directvelo-com","24":"tag-epreuve","25":"tag-epreuve-cycliste","26":"tag-federation-francaise-de-cyclisme","27":"tag-ffc","28":"tag-flandres","29":"tag-fr","30":"tag-france","31":"tag-live","32":"tag-live-course","33":"tag-live-epreuve","34":"tag-peloton","35":"tag-radio-peloton","36":"tag-radio-tour","37":"tag-ravitaillement","38":"tag-relance","39":"tag-sports","40":"tag-uci","41":"tag-velo","42":"tag-velos"},"share_on_mastodon":{"url":"https:\/\/pubeurope.com\/@fr\/115569497480259305","error":""},"_links":{"self":[{"href":"https:\/\/www.europesays.com\/fr\/wp-json\/wp\/v2\/posts\/541986","targetHints":{"allow":["GET"]}}],"collection":[{"href":"https:\/\/www.europesays.com\/fr\/wp-json\/wp\/v2\/posts"}],"about":[{"href":"https:\/\/www.europesays.com\/fr\/wp-json\/wp\/v2\/types\/post"}],"author":[{"embeddable":true,"href":"https:\/\/www.europesays.com\/fr\/wp-json\/wp\/v2\/users\/2"}],"replies":[{"embeddable":true,"href":"https:\/\/www.europesays.com\/fr\/wp-json\/wp\/v2\/comments?post=541986"}],"version-history":[{"count":0,"href":"https:\/\/www.europesays.com\/fr\/wp-json\/wp\/v2\/posts\/541986\/revisions"}],"wp:featuredmedia":[{"embeddable":true,"href":"https:\/\/www.europesays.com\/fr\/wp-json\/wp\/v2\/media\/541987"}],"wp:attachment":[{"href":"https:\/\/www.europesays.com\/fr\/wp-json\/wp\/v2\/media?parent=541986"}],"wp:term":[{"taxonomy":"category","embeddable":true,"href":"https:\/\/www.europesays.com\/fr\/wp-json\/wp\/v2\/categories?post=541986"},{"taxonomy":"post_tag","embeddable":true,"href":"https:\/\/www.europesays.com\/fr\/wp-json\/wp\/v2\/tags?post=541986"}],"curies":[{"name":"wp","href":"https:\/\/api.w.org\/{rel}","templated":true}]}}