{"id":541996,"date":"2025-11-18T07:27:14","date_gmt":"2025-11-18T07:27:14","guid":{"rendered":"https:\/\/www.europesays.com\/fr\/541996\/"},"modified":"2025-11-18T07:27:14","modified_gmt":"2025-11-18T07:27:14","slug":"promotion-de-la-peche-locale-au-guilvinec-un-clip-de-rap-de-lyceens-fait-des-remous","status":"publish","type":"post","link":"https:\/\/www.europesays.com\/fr\/541996\/","title":{"rendered":"Promotion de la p\u00eache locale\u00a0: au\u00a0Guilvinec, un clip de rap de lyc\u00e9ens fait des remous"},"content":{"rendered":"<p>\u00ab Petit bateau gros courage\u00bb, \u00ab \u00c0 la cantine, fais le bon choix\u00bb. Des jeunes encagoul\u00e9s, des punchlines et une mise en sc\u00e8ne reprenant les codes de la musique urbaine. Vendredi 14 novembre 2025, la diffusion sur les r\u00e9seaux sociaux d\u2019un clip de rap a provoqu\u00e9 une forte houle de m\u00e9contentement, sur les quais du quartier du Guilvinec. Et pour cause, derri\u00e8re cette petite capsule vid\u00e9o, se cachent non pas des rappeurs professionnels mais des \u00e9l\u00e8ves du lyc\u00e9e maritime du Guilvinec. Tourn\u00e9e il y a un an par des \u00e9l\u00e8ves en seconde dans la commune o\u00f9 ils \u00e9tudient, <a href=\"https:\/\/www.letelegramme.fr\/finistere\/quimper-29000\/si-tas-la-dalle-mange-du-poisson-local-au-guilvinec-les-lyceens-ont-le-pied-marin-et-le-sens-de-la-formule-6840781.php\" target=\"_blank\" rel=\"noopener\">cette vid\u00e9o rentre dans le cadre d\u2019un vaste projet, visant \u00e0 promouvoir la consommation de poisson, issu de la p\u00eache locale bretonne<\/a>. Un projet pilot\u00e9 par le lyc\u00e9e maritime et l\u2019\u00e9quipe p\u00e9dagogique depuis plusieurs mois, qui a abouti \u00e0 la naissance de sept courtes vid\u00e9os, dont les sc\u00e9narios ont \u00e9t\u00e9 invent\u00e9s et \u00e9crits par les \u00e9l\u00e8ves. Du slogan, en passant par la cr\u00e9ation des musiques, ces derniers ont ainsi tout fait par eux-m\u00eames, avec comme objectif de parler \u00e0 de plus jeunes consommateurs.<\/p>\n<p>\u00ab\u00a0L\u2019initiative est louable\u00bb<\/p>\n<p>Mais depuis la diffusion du morceau, une v\u00e9ritable temp\u00eate s\u2019est d\u00e9cha\u00een\u00e9e sur les r\u00e9seaux sociaux. \u00c0 commencer par plusieurs marins, pour qui la vid\u00e9o \u00ab\u00a0renvoie une image n\u00e9gative de la profession\u00a0\u00bb, malgr\u00e9 des paroles \u00e9voquant, au contraire, les difficult\u00e9s li\u00e9es au m\u00e9tier. Ce lundi 17 novembre, <a href=\"https:\/\/www.letelegramme.fr\/finistere\/pont-l-abbe-29120\/au-guilvinec-sebastien-le-prince-un-patron-pecheur-desabuse-4056644.php\" target=\"_blank\" rel=\"noopener\">S\u00e9bastien Le Prince, vice-pr\u00e9sident du Comit\u00e9 d\u00e9partemental des p\u00eaches du Finist\u00e8re et patron du Magellan 2 au Guilvinec<\/a>, tient n\u00e9anmoins \u00e0 temp\u00e9rer sur le fond du message\u00a0: \u00ab\u00a0L\u2019initiative est louable, la musique est bonne et on ne peut que souligner la volont\u00e9 des jeunes\u00a0\u00bb, rapporte celui qui est \u00e9galement membre du conseil d\u2019administration de l\u2019\u00e9tablissement. Sur la forme, ce dernier est n\u00e9anmoins beaucoup plus critique\u00a0: \u00ab\u00a0Quand on est fier de son m\u00e9tier de marin, on ne se cache pas derri\u00e8re des cagoules, notamment. La profession l\u2019a tr\u00e8s mal pris\u00a0\u00bb, s\u2019agace le patron-p\u00eacheur.<\/p>\n<p>La vid\u00e9o retir\u00e9e ce lundi<\/p>\n<p>Face \u00e0 cette pol\u00e9mique naissante, le clip en question a \u00e9t\u00e9 retir\u00e9 des r\u00e9seaux sociaux, d\u00e8s ce lundi apr\u00e8s-midi. \ufeffContact\u00e9e, <a href=\"https:\/\/www.letelegramme.fr\/finistere\/pont-l-abbe-29120\/au-lycee-maritime-du-guilvinec-113-eleves-et-une-nouvelle-directrice-6881030.php\" target=\"_blank\" rel=\"noopener\">la directrice du lyc\u00e9e B\u00e9n\u00e9dicte Leblanc-Danset<\/a>, qui a re\u00e7u deux patrons p\u00eacheurs m\u00e9contents dans la journ\u00e9e, se d\u00e9clare \u00ab\u00a0surprise par l\u2019ampleur\u00a0\u00bb des d\u00e9bats suscit\u00e9s en ligne. \u00ab\u00a0L\u2019intention des lyc\u00e9ens n\u2019\u00e9tait pas de heurter la fili\u00e8re maritime. Les \u00e9l\u00e8ves ont d\u2019ailleurs tr\u00e8s bien compris la r\u00e9action des p\u00eacheurs et sont pr\u00eats \u00e0 retravailler leur vid\u00e9o\u00a0\u00bb, affirme-t-elle.<\/p>\n<p>La R\u00e9gion n\u2019a, de son c\u00f4t\u00e9, pas souhait\u00e9 s\u2019exprimer pour l\u2019heure sur le sujet. Depuis le d\u00e9but d\u2019ann\u00e9e 2025, ce programme, qu\u2019elle finance en partie, a permis la mise en place d\u2019autres actions, comme la r\u00e9alisation d\u2019une affiche, d\u2019un jeu de soci\u00e9t\u00e9 ou d\u2019un escape game. M\u00eame si, selon nos informations, aucun de ces projets n\u2019a encore \u00e9t\u00e9 valid\u00e9 pour diffusion par la R\u00e9gion.<\/p>\n","protected":false},"excerpt":{"rendered":"\u00ab Petit bateau gros courage\u00bb, \u00ab \u00c0 la cantine, fais le bon choix\u00bb. Des jeunes encagoul\u00e9s, des punchlines&hellip;\n","protected":false},"author":2,"featured_media":541997,"comment_status":"","ping_status":"","sticky":false,"template":"","format":"standard","meta":{"footnotes":""},"categories":[1355],"tags":[11,829,58,59,3321,1011,27,26333,6127,52289,1361,873,3323],"class_list":{"0":"post-541996","1":"post","2":"type-post","3":"status-publish","4":"format-standard","5":"has-post-thumbnail","7":"category-musique","8":"tag-actualites","9":"tag-bretagne","10":"tag-divertissement","11":"tag-entertainment","12":"tag-finistere","13":"tag-fr","14":"tag-france","15":"tag-guilvinec","16":"tag-mer","17":"tag-mer-et-peche","18":"tag-music","19":"tag-musique","20":"tag-pont-labbe"},"share_on_mastodon":{"url":"https:\/\/pubeurope.com\/@fr\/115569521065643142","error":""},"_links":{"self":[{"href":"https:\/\/www.europesays.com\/fr\/wp-json\/wp\/v2\/posts\/541996","targetHints":{"allow":["GET"]}}],"collection":[{"href":"https:\/\/www.europesays.com\/fr\/wp-json\/wp\/v2\/posts"}],"about":[{"href":"https:\/\/www.europesays.com\/fr\/wp-json\/wp\/v2\/types\/post"}],"author":[{"embeddable":true,"href":"https:\/\/www.europesays.com\/fr\/wp-json\/wp\/v2\/users\/2"}],"replies":[{"embeddable":true,"href":"https:\/\/www.europesays.com\/fr\/wp-json\/wp\/v2\/comments?post=541996"}],"version-history":[{"count":0,"href":"https:\/\/www.europesays.com\/fr\/wp-json\/wp\/v2\/posts\/541996\/revisions"}],"wp:featuredmedia":[{"embeddable":true,"href":"https:\/\/www.europesays.com\/fr\/wp-json\/wp\/v2\/media\/541997"}],"wp:attachment":[{"href":"https:\/\/www.europesays.com\/fr\/wp-json\/wp\/v2\/media?parent=541996"}],"wp:term":[{"taxonomy":"category","embeddable":true,"href":"https:\/\/www.europesays.com\/fr\/wp-json\/wp\/v2\/categories?post=541996"},{"taxonomy":"post_tag","embeddable":true,"href":"https:\/\/www.europesays.com\/fr\/wp-json\/wp\/v2\/tags?post=541996"}],"curies":[{"name":"wp","href":"https:\/\/api.w.org\/{rel}","templated":true}]}}