{"id":54200,"date":"2025-04-26T10:54:11","date_gmt":"2025-04-26T10:54:11","guid":{"rendered":"https:\/\/www.europesays.com\/fr\/54200\/"},"modified":"2025-04-26T10:54:11","modified_gmt":"2025-04-26T10:54:11","slug":"ligue-1-toulouse-sous-pression-a-nantes-pour-relancer-la-machine-et-ne-pas-sombrer-au-classement","status":"publish","type":"post","link":"https:\/\/www.europesays.com\/fr\/54200\/","title":{"rendered":"Ligue 1. Toulouse sous pression \u00e0 Nantes pour relancer la machine et ne pas sombrer au classement"},"content":{"rendered":"<p>            Par<br \/>\n        <strong><br \/>\n            <a href=\"https:\/\/actu.fr\/auteur\/romain-piccolo\" title=\"Consulter tous les articles de Romain Piccolo\" target=\"_blank\" rel=\"noopener\">Romain Piccolo<\/a><br \/>\n        <\/strong><\/p>\n<p>        Publi\u00e9 le<\/p>\n<p>            26 avr. 2025 \u00e0 12h35        <\/p>\n<p>Ce dimanche 27\u00a0avril, <strong>le<a href=\"https:\/\/actu.fr\/tag\/toulouse-football-club-tfc\" target=\"_blank\" rel=\"noopener\"> Toulouse FC<\/a> se d\u00e9place sur la pelouse du FC Nantes<\/strong> dans le cadre de la 31\u1d49 journ\u00e9e de Ligue\u00a01. Une rencontre importante pour les deux clubs.<strong> Coup d\u2019envoi \u00e0 17h15<\/strong> \u00e0 La Beaujoire. Apr\u00e8s avoir gliss\u00e9 \u00e0 la 12\u1d49 place du championnat avec <strong>34 points<\/strong>, l\u2019\u00e9quipe de Carles Martinez Novell doit imp\u00e9rativement briser la spirale n\u00e9gative pour s\u00e9curiser leur maintien.<\/p>\n<p>Un Toulouse \u00e0 la recherche de rebond<\/p>\n<p class=\" wall-content\">Les Toulousains d\u00e9barquent en Loire-Atlantique sur <strong>une s\u00e9rie noire de cinq d\u00e9faites cons\u00e9cutives en Ligue\u00a01<\/strong>, qui les a fait chuter du c\u0153ur du classement jusqu\u2019\u00e0 la zone m\u00e9diane.<\/p>\n<p class=\" wall-content\">Apr\u00e8s un revers 1-2 conc\u00e9d\u00e9 face \u00e0 Lille \u00e0 domicile lors de la 29\u1d49 journ\u00e9e, Toulouse a de nouveau craqu\u00e9 \u00e0 Reims (0-1, 30\u1d49 journ\u00e9e), victime d\u2019un carton rouge trop pr\u00e9coce et d\u2019un manque cruel de r\u00e9alisme offensif.<\/p>\n<p class=\" wall-content\">Sur le plan statistique,<strong> le TFC accuse un d\u00e9ficit de production<\/strong>\u2009: seulement 38\u00a0buts inscrits en 30\u00a0matches (10\u1d49 attaque du championnat) et 39\u00a0buts encaiss\u00e9s, le pla\u00e7ant parmi les dix arri\u00e8re-gardes les plus perm\u00e9ables. Face \u00e0 Nantes,<strong> il faudra retrouver de la coh\u00e9sion<\/strong> d\u00e9fensive et davantage de tranchant offensif pour inverser la tendance.<\/p>\n<p class=\" wall-content\">\n<p class=\" wall-content\"><strong>\u00c0 trois points seulement de Nantes<\/strong>, Toulouse doit reprendre des couleurs ce week-end pour garder l\u2019horizon d\u00e9gag\u00e9\u2009: chaque r\u00e9sultat comptera dans cette lutte \u00e0 la fois pour <strong>le maintien<\/strong> et, pourquoi pas, pour <strong>un retour vers le haut du tableau<\/strong>.<\/p>\n<p>Vid\u00e9os : en ce moment sur ActuRenforcer la solidit\u00e9 avant le rush final<\/p>\n<p class=\" wall-content\">Les Violets doivent imp\u00e9rativement<strong> stopper l\u2019h\u00e9morragie<\/strong> et faire preuve de caract\u00e8re dans l\u2019entrejeu, avec un milieu plus compact pour soulager la d\u00e9fense et lib\u00e9rer les attaquants. <strong>Carlos Mart\u00ednez Novell et son staff ont du pain sur la planche<\/strong>\u2009: relancer le collectif, ajuster les automatismes et surtout briser cette spirale n\u00e9gative pour <strong>esp\u00e9rer d\u00e9crocher un r\u00e9sultat probant \u00e0 l\u2019ext\u00e9rieur<\/strong>. Pour ce faire, ils pourront compter sur la pr\u00e9sence de Joshua King, Charlie Cresswell ou Guillaume Restes dans les rangs du TFC.<\/p>\n<p>Infos pratiques\u2009:<\/p>\n<p>Match\u2009: FC Nantes \u2013 Toulouse FC (31\u1d49 journ\u00e9e)<br \/>Date et heure\u2009: dimanche 27 avril 2025, 17h15<br \/>Diffusion\u2009: DAZN<\/p>\n<p class=\" wall-content\">Suivez toute l\u2019actualit\u00e9 de vos villes et m\u00e9dias favoris en vous inscrivant \u00e0 <a href=\"https:\/\/moncompte.actu.fr\" title=\"D\u00e9couvez Mon Actu\" rel=\"nofollow noopener\" data-trk=\"{&quot;cta&quot;:{&quot;action&quot;:&quot;https:\\\/\\\/moncompte.actu.fr&quot;,&quot;category&quot;:&quot;mon compte&quot;,&quot;from&quot;:&quot;article footer&quot;,&quot;name&quot;:&quot;Mon actu&quot;,&quot;type&quot;:&quot;cta&quot;}}\" target=\"_blank\">Mon Actu<\/a>.<\/p>\n","protected":false},"excerpt":{"rendered":"Par Romain Piccolo Publi\u00e9 le 26 avr. 2025 \u00e0 12h35 Ce dimanche 27\u00a0avril, le Toulouse FC se d\u00e9place&hellip;\n","protected":false},"author":2,"featured_media":54201,"comment_status":"","ping_status":"","sticky":false,"template":"","format":"standard","meta":{"footnotes":""},"categories":[2818],"tags":[1111,11,1777,674,462,63,1011,27,766,12,2636,25,60,14854,4159],"class_list":{"0":"post-54200","1":"post","2":"type-post","3":"status-publish","4":"format-standard","5":"has-post-thumbnail","7":"category-nantes","8":"tag-actu","9":"tag-actualites","10":"tag-eu","11":"tag-europe","12":"tag-fc-nantes","13":"tag-football","14":"tag-fr","15":"tag-france","16":"tag-nantes","17":"tag-news","18":"tag-pays-de-la-loire","19":"tag-republique-francaise","20":"tag-sports","21":"tag-stade-de-la-beaujoire","22":"tag-toulouse-football-club-tfc"},"share_on_mastodon":{"url":"https:\/\/pubeurope.com\/@fr\/114403899094571260","error":""},"_links":{"self":[{"href":"https:\/\/www.europesays.com\/fr\/wp-json\/wp\/v2\/posts\/54200","targetHints":{"allow":["GET"]}}],"collection":[{"href":"https:\/\/www.europesays.com\/fr\/wp-json\/wp\/v2\/posts"}],"about":[{"href":"https:\/\/www.europesays.com\/fr\/wp-json\/wp\/v2\/types\/post"}],"author":[{"embeddable":true,"href":"https:\/\/www.europesays.com\/fr\/wp-json\/wp\/v2\/users\/2"}],"replies":[{"embeddable":true,"href":"https:\/\/www.europesays.com\/fr\/wp-json\/wp\/v2\/comments?post=54200"}],"version-history":[{"count":0,"href":"https:\/\/www.europesays.com\/fr\/wp-json\/wp\/v2\/posts\/54200\/revisions"}],"wp:featuredmedia":[{"embeddable":true,"href":"https:\/\/www.europesays.com\/fr\/wp-json\/wp\/v2\/media\/54201"}],"wp:attachment":[{"href":"https:\/\/www.europesays.com\/fr\/wp-json\/wp\/v2\/media?parent=54200"}],"wp:term":[{"taxonomy":"category","embeddable":true,"href":"https:\/\/www.europesays.com\/fr\/wp-json\/wp\/v2\/categories?post=54200"},{"taxonomy":"post_tag","embeddable":true,"href":"https:\/\/www.europesays.com\/fr\/wp-json\/wp\/v2\/tags?post=54200"}],"curies":[{"name":"wp","href":"https:\/\/api.w.org\/{rel}","templated":true}]}}