{"id":542006,"date":"2025-11-18T07:32:27","date_gmt":"2025-11-18T07:32:27","guid":{"rendered":"https:\/\/www.europesays.com\/fr\/542006\/"},"modified":"2025-11-18T07:32:27","modified_gmt":"2025-11-18T07:32:27","slug":"il-ne-devrait-pas-y-avoir-diphone-18-en-2026","status":"publish","type":"post","link":"https:\/\/www.europesays.com\/fr\/542006\/","title":{"rendered":"Il ne devrait pas y avoir d&rsquo;iPhone 18 en 2026"},"content":{"rendered":"<p>Depuis 2020, Apple lance en septembre quatre nouveaux iPhone par an. Une tradition qui pourrait s\u2019interrompre en 2026 : la marque devrait r\u00e9duire son nombre de mod\u00e8les et se concentrer sur trois appareils. <\/p>\n<p>En 2011, Apple a chang\u00e9 la date d\u2019annonce de ses iPhone. Apr\u00e8s avoir annonc\u00e9 les iPhone 3G, 3GS et 4 en juin, la marque avait d\u00e9cid\u00e9 d\u2019annoncer son iPhone 4S \u00e0 l\u2019automne, en octobre. Tous les iPhone ont ensuite conserv\u00e9 ce planning, avec un grand rendez-vous annuel en septembre, durant lequel Apple annonce quatre iPhone par an depuis 2020. <\/p>\n<p>En 2026, Apple pourrait tout changer. Selon <a target=\"_blank\" href=\"https:\/\/www.bloomberg.com\/news\/newsletters\/2025-11-16\/apple-s-iphone-road-map-iphone-air-2-iphone-18-mac-pro-future-tesla-carplay-mi1q4l2o\" rel=\"noopener\">Bloomberg<\/a>, qui avait <a href=\"https:\/\/www.numerama.com\/tech\/1964151-nouveaux-iphone-apple-preparerait-un-changement-inedit-depuis-2011.html\" target=\"_blank\" rel=\"noopener\">d\u00e9j\u00e0 \u00e9voqu\u00e9 cette possibilit\u00e9 par le pass\u00e9<\/a>, Apple organiserait deux \u00e9v\u00e9nements distincts : <\/p>\n<p>                <img decoding=\"async\" width=\"1024\" height=\"380\" loading=\"lazy\" alt=\"Affiliates_1325x492_Numerama copie 2\" title=\"Affiliates_1325x492_Numerama copie 2\" class=\"is-block placeholder-default wp-image\" src=\"https:\/\/www.europesays.com\/fr\/wp-content\/uploads\/2025\/11\/affiliates-1325x492-numerama-copie-2-1024x380.jpg\" \/>            <\/p>\n<p>\n                    Le reconditionn\u00e9 passe en mode Black Friday                <\/p>\n<p>\n                    Pour le Black Friday, Back Market offre 8 % de remise sur les AirPods et les iMac reconditionn\u00e9s avec le code KDO2025. De quoi obtenir les AirPods Pro 2 en parfait \u00e9tat \u00e0 moins de 162 euros.                <\/p>\n<ul class=\"wp-block-list\">\n<li>La traditionnelle keynote de septembre, avec 3 iPhone haut de gamme. <\/li>\n<li>Un nouvel \u00e9v\u00e9nement de printemps, qui aurait lieu pour la premi\u00e8re fois en 2027, avec 3 iPhone milieu de gamme. <\/li>\n<\/ul>\n<p>En septembre 2026, il n\u2019y aurait pas d\u2019iPhone 18<\/p>\n<p>Selon Bloomberg, seulement trois iPhone seraient annonc\u00e9s en septembre 2026 : <\/p>\n<ul class=\"wp-block-list\">\n<li>L\u2019<strong>iPhone 18 Pro<\/strong>, qui remplacerait l\u2019<a href=\"https:\/\/www.numerama.com\/smartphones\/iphone-17-pro\/\" data-type=\"smartphones\" data-id=\"2068737\" target=\"_blank\" rel=\"noopener\">iPhone 17 Pro<\/a>. <\/li>\n<li>L\u2019<strong>iPhone 18 Pro Max<\/strong>, qui remplacerait l\u2019<a href=\"https:\/\/www.numerama.com\/smartphones\/iphone-17-pro-max\/\" data-type=\"smartphones\" data-id=\"2068771\" target=\"_blank\" rel=\"noopener\">iPhone 17 Pro Max<\/a>. <\/li>\n<li>L\u2019<strong>iPhone \u00ab Fold \u00bb<\/strong>, au nom toujours inconnu, qui serait le premier smartphone pliant d\u2019Apple, avec un format entre l\u2019iPad mini et l\u2019iPhone. Ce serait aussi son smartphone le plus cher. son smartphone le plus cher. <\/li>\n<\/ul>\n<p>Les <a href=\"https:\/\/www.numerama.com\/tech\/2081035-test-de-liphone-17-le-meilleur-smartphone-apple-de-lannee-point.html\" data-type=\"post\" data-id=\"2081035\" target=\"_blank\" rel=\"noopener\">iPhone 17<\/a> et <a href=\"https:\/\/www.numerama.com\/smartphones\/iphone-air\/\" data-type=\"smartphones\" data-id=\"2068705\" target=\"_blank\" rel=\"noopener\">iPhone Air<\/a>, eux, ne seraient pas remplac\u00e9s. Il faudrait attendre le printemps 2027 pour d\u00e9couvrir : <\/p>\n<ul class=\"wp-block-list\">\n<li>L\u2019<strong>iPhone 18<\/strong>. <\/li>\n<li>L\u2019<strong>iPhone Air 2<\/strong>. <\/li>\n<li><strong>L\u2019iPhone 18e<\/strong>, d\u00e9clinaison moins ch\u00e8re de l\u2019iPhone 18. <\/li>\n<\/ul>\n<p><a href=\"https:\/\/www.numerama.com\/wp-content\/uploads\/2025\/09\/iphone-17-pro-et-17-pro-max.jpg\" target=\"_blank\" rel=\"noopener\"><img decoding=\"async\" width=\"1024\" height=\"576\" loading=\"lazy\" alt=\"Les iPhone 17 Pro et iPhone 17 Pro Max \/\/ Source : Alfred Tertrais - Numerama\" title=\"Les iPhone 17 Pro et iPhone 17 Pro Max \/\/ Source : Alfred Tertrais - Numerama\" class=\"wp-image-2075287 placeholder-default wp-image\" src=\"https:\/\/www.europesays.com\/fr\/wp-content\/uploads\/2025\/11\/iphone-17-pro-et-17-pro-max-1024x576.jpg\" \/><\/a>Les iPhone 17 Pro et iPhone 17 Pro Max. \/\/ Source : Alfred Tertrais \u2013 Numerama<\/p>\n<p>Ce changement aurait plusieurs objectifs, dont permettre \u00e0 Apple d\u2019\u00e9tendre son catalogue avec six iPhone par an au lieu de quatre (hors ann\u00e9es sp\u00e9ciales avec des SE ou des mod\u00e8les 16e). Il permettrait aussi \u00e0 Apple de faire parler de lui \u00e0 deux reprises face \u00e0 des concurrents asiatiques qui lancent des appareils tout au long de l\u2019ann\u00e9e.<\/p>\n<p>L\u2019iPhone Air n\u2019est pas mort, annonce Mark Gurman<\/p>\n<p>Autre indiscr\u00e9tion de Mark Gurman : <a href=\"https:\/\/www.numerama.com\/tech\/2114679-liphone-air-2-repousse-indefiniment-un-echec-pour-le-smartphone-coince-entre-les-excellents-iphone-17-et-17-pro.html\" data-type=\"post\" data-id=\"2114679\" target=\"_blank\" rel=\"noopener\">les articles sur la mort de l\u2019iPhone Air<\/a>, victime d\u2019un flop selon The Information, seraient erron\u00e9s. Le journaliste de Bloomberg indique qu\u2019Apple n\u2019a, d\u2019apr\u00e8s lui, jamais envisag\u00e9 que l\u2019iPhone Air serait produit et renouvel\u00e9 annuellement. La preuve : il ne s\u2019appelle pas iPhone 17 Air, mais iPhone Air. Cela serait voulu de la part d\u2019Apple la part d\u2019Apple, qui veut en faire une gamme distincte, dans la lign\u00e9e de l\u2019iPhone SE.<\/p>\n<p>Le journaliste de Bloomberg n\u2019est pas convaincu de l\u2019avenir de l\u2019iPhone Air, qu\u2019il voit plus comme un exercice grandeur nature de miniaturisation pour Apple, mais s\u2019attend \u00e0 ce que le cycle de l\u2019iPhone Air soit d\u00e9cal\u00e9 au printemps, avec les iPhone \u00ab normaux \u00bb. Il n\u2019y aurait donc ni iPhone 18, ni iPhone Air 2 en 2026. <\/p>\n<\/p>\n<p>            Ce contenu est bloqu\u00e9 car vous n\u2019avez pas accept\u00e9 les cookies et autres traceurs. Ce contenu est fourni par YouTube.<br \/>Pour pouvoir le visualiser, vous devez accepter l\u2019usage \u00e9tant op\u00e9r\u00e9 par YouTube avec vos donn\u00e9es qui pourront \u00eatre utilis\u00e9es pour les finalit\u00e9s suivantes : vous permettre de visualiser et de partager des contenus avec des m\u00e9dias sociaux, favoriser le d\u00e9veloppement et l\u2019am\u00e9lioration des produits d\u2019Humanoid et de ses partenaires, vous afficher des publicit\u00e9s personnalis\u00e9es par rapport \u00e0 votre profil et activit\u00e9, vous d\u00e9finir un profil publicitaire personnalis\u00e9, mesurer la performance des publicit\u00e9s et du contenu de ce site et mesurer l\u2019audience de ce site <a href=\"#\" class=\"js-privacy\" target=\"_blank\">(en savoir plus)<\/a>        <\/p>\n<p>            En cliquant sur \u00ab J\u2019accepte tout \u00bb, vous consentez aux finalit\u00e9s susmentionn\u00e9es pour l\u2019ensemble des cookies et autres traceurs d\u00e9pos\u00e9s par Humanoid et <a class=\"embed-consent-overlay-vendors-link\" href=\"#preferences-vendeurs\">ses partenaires<\/a>.        <\/p>\n<p>            Vous gardez la possibilit\u00e9 de retirer votre consentement \u00e0 tout moment. Pour plus d\u2019informations, nous vous invitons \u00e0 prendre connaissance de notre <a href=\"https:\/\/www.numerama.com\/politique-cookies\" target=\"_blank\" rel=\"noopener\">Politique cookies<\/a>.        <\/p>\n<p>        J\u2019accepte tout    <\/p>\n<p class=\"embed-consent-overlay-manage-choices\">        <a href=\"#preferences-publicitaires\">G\u00e9rer mes choix<\/a>    <\/p>\n<p>            <img decoding=\"async\" src=\"https:\/\/www.europesays.com\/fr\/wp-content\/uploads\/2025\/04\/iPhone-16-pro.png\" alt=\"Toute l'actu tech en un clien d'oeil\"\/><\/p>\n<p class=\"card-install-pwa__title\">Toute l&rsquo;actu tech en un clin d&rsquo;\u0153il<\/p>\n<p class=\"card-install-pwa__description\">Ajoutez Numerama \u00e0 votre \u00e9cran d&rsquo;accueil et restez connect\u00e9s au futur !<\/p>\n<p>            <img decoding=\"async\" src=\"https:\/\/www.numerama.com\/wp-content\/themes\/numerama-next\/assets\/images\/premium\/logo-card-pwa-coupe.svg\" alt=\"Logo PWA\"\/><\/p>\n<p>       Installer Numerama<\/p>\n","protected":false},"excerpt":{"rendered":"Depuis 2020, Apple lance en septembre quatre nouveaux iPhone par an. Une tradition qui pourrait s\u2019interrompre en 2026&hellip;\n","protected":false},"author":2,"featured_media":542007,"comment_status":"","ping_status":"","sticky":false,"template":"","format":"standard","meta":{"footnotes":""},"categories":[7],"tags":[733,12575,12578,12579,66031,66032,66033,53617,66034,1011,27,43,40,41,39,42,44],"class_list":{"0":"post-542006","1":"post","2":"type-post","3":"status-publish","4":"format-standard","5":"has-post-thumbnail","7":"category-sciences-et-technologies","8":"tag-apple","9":"tag-apple-iphone-17","10":"tag-apple-iphone-17-pro","11":"tag-apple-iphone-17-pro-max","12":"tag-apple-iphone-18","13":"tag-apple-iphone-18-pro","14":"tag-apple-iphone-18-pro-max","15":"tag-apple-iphone-air","16":"tag-apple-iphone-air-2","17":"tag-fr","18":"tag-france","19":"tag-science","20":"tag-science-and-technology","21":"tag-sciences","22":"tag-sciences-et-technologies","23":"tag-technologies","24":"tag-technology"},"share_on_mastodon":{"url":"https:\/\/pubeurope.com\/@fr\/115569541516785530","error":""},"_links":{"self":[{"href":"https:\/\/www.europesays.com\/fr\/wp-json\/wp\/v2\/posts\/542006","targetHints":{"allow":["GET"]}}],"collection":[{"href":"https:\/\/www.europesays.com\/fr\/wp-json\/wp\/v2\/posts"}],"about":[{"href":"https:\/\/www.europesays.com\/fr\/wp-json\/wp\/v2\/types\/post"}],"author":[{"embeddable":true,"href":"https:\/\/www.europesays.com\/fr\/wp-json\/wp\/v2\/users\/2"}],"replies":[{"embeddable":true,"href":"https:\/\/www.europesays.com\/fr\/wp-json\/wp\/v2\/comments?post=542006"}],"version-history":[{"count":0,"href":"https:\/\/www.europesays.com\/fr\/wp-json\/wp\/v2\/posts\/542006\/revisions"}],"wp:featuredmedia":[{"embeddable":true,"href":"https:\/\/www.europesays.com\/fr\/wp-json\/wp\/v2\/media\/542007"}],"wp:attachment":[{"href":"https:\/\/www.europesays.com\/fr\/wp-json\/wp\/v2\/media?parent=542006"}],"wp:term":[{"taxonomy":"category","embeddable":true,"href":"https:\/\/www.europesays.com\/fr\/wp-json\/wp\/v2\/categories?post=542006"},{"taxonomy":"post_tag","embeddable":true,"href":"https:\/\/www.europesays.com\/fr\/wp-json\/wp\/v2\/tags?post=542006"}],"curies":[{"name":"wp","href":"https:\/\/api.w.org\/{rel}","templated":true}]}}