{"id":54202,"date":"2025-04-26T10:55:09","date_gmt":"2025-04-26T10:55:09","guid":{"rendered":"https:\/\/www.europesays.com\/fr\/54202\/"},"modified":"2025-04-26T10:55:09","modified_gmt":"2025-04-26T10:55:09","slug":"dj-sets-et-animations-tout-lete","status":"publish","type":"post","link":"https:\/\/www.europesays.com\/fr\/54202\/","title":{"rendered":"DJ sets et animations tout l&rsquo;\u00e9t\u00e9"},"content":{"rendered":"<p>            Par<br \/>\n        <strong><br \/>\n            <a href=\"https:\/\/actu.fr\/auteur\/juliette-cardinale\" title=\"Consulter tous les articles de Juliette Cardinale\" rel=\"nofollow noopener\" target=\"_blank\">Juliette Cardinale<\/a><br \/>\n        <\/strong><\/p>\n<p>        Publi\u00e9 le<\/p>\n<p>            26 avr. 2025 \u00e0 12h02        <\/p>\n<p>D\u00e8s le jeudi 15 mai 2025, <strong>Les Planches \u00c9ph\u00e9m\u00e8res<\/strong> font leur grand retour sur la pelouse du parc des expositions <a href=\"https:\/\/actu.fr\/bordeaux\/\" rel=\"nofollow noopener\" target=\"_blank\">de Bordeaux.<\/a><\/p>\n<p class=\" wall-content\">Depuis trois ans, <a href=\"https:\/\/actu.fr\/nouvelle-aquitaine\/bordeaux_33063\/retour-des-guinguettes-a-bordeaux-ce-qu-il-faut-savoir-sur-les-reouvertures-de-l-ete-2025_62481295.html\" rel=\"nofollow noopener\" target=\"_blank\">la guinguette<\/a> a quitt\u00e9 l\u2019hippodrome de Bordeaux-Le Bouscat pour s\u2019installer dans ce coin de verdure en bordure du lac de Bordeaux. Plus grande, cette v\u00e9ritable \u00ab\u00a0oasis v\u00e9g\u00e9tale de <strong>2 500 m\u00e8tres carr\u00e9s\u00a0\u00bb<\/strong> est ouverte quatre mois dans l\u2019ann\u00e9e.\u00a0<\/p>\n<p>La guiguette f\u00eate ses cinq ans<\/p>\n<p class=\" wall-content\">\u00ab\u00a0Au programme, des espaces food, bars, sc\u00e8ne, des DJ sets, une programmation musicale, des coins chill-out sous les arbres avec un bassin rafra\u00eechissant et une <strong>multitude d\u2019animations<\/strong> saisonni\u00e8res\u00a0\u00bb, promettent les responsables de la guinguette.<\/p>\n<p class=\" wall-content\">Pour <strong>f\u00eater ses cinq ans,<\/strong> la guinguette organise des rencontres avec des artistes, des artisans et DJ sets tout au long de la saison. Les grands \u00e9v\u00e9nements sportifs de l\u2019\u00e9t\u00e9 seront diffus\u00e9s sur \u00e9cran g\u00e9ant.<\/p>\n<p class=\" wall-content\">L\u2019\u00e9tablissement b\u00e9n\u00e9ficie d\u2019un parking, mais encourage surtout ses clients \u00e0 privil\u00e9gier les mobilit\u00e9s douces : v\u00e9los, trottinettes et trams. <a href=\"https:\/\/www.lesplanchesephemeres.fr\/\" rel=\"nofollow noopener\" target=\"_blank\">Les Planches \u00c9ph\u00e9m\u00e8res<\/a> s\u2019engagent \u00e0 \u00ab\u00a0ne <strong>laisser aucune<\/strong> <strong>trace\u00a0\u00bb<\/strong> de leur passage chaque ann\u00e9e, avec notamment des \u00e9clairages basse consommation et aucun plastique \u00e0 usage unique.<\/p>\n<p>Vid\u00e9os : en ce moment sur Actu<br \/>\n    <a href=\"https:\/\/www.google.com\/maps\/embed?pb=!1m18!1m12!1m3!1d3382.2945607903907!2d-0.5695389233941424!3d44.89174457145099!2m3!1f0!2f0!3f0!3m2!1i1024!2i768!4f13.1!3m3!1m2!1s0xd55297b3eb79c0b%3A0x961249ce02135096!2sLes%20Planches%20Ephemeres%20Bordeaux!5e1!3m2!1sfr!2sfr!4v1745661095716!5m2!1sfr!2sfr\" title=\"Ouvrie le lien\" rel=\"nofollow noopener\" target=\"_blank\">Cliquez ici pour visualiser le contenu<\/a><\/p>\n<p class=\" wall-content\">La <a href=\"https:\/\/actu.fr\/nouvelle-aquitaine\/bordeaux_33063\/retour-des-guinguettes-a-bordeaux-ce-qu-il-faut-savoir-sur-les-reouvertures-de-l-ete-2025_62481295.html\" rel=\"nofollow noopener\" target=\"_blank\">guinguette<\/a> est ouverte tous les jours <strong>de 17 heures \u00e0 minuit,<\/strong> du 15 mai \u00e0 la mi-septembre.\u00a0<\/p>\n<p class=\" wall-content\">Suivez toute l\u2019actualit\u00e9 de vos villes et m\u00e9dias favoris en vous inscrivant \u00e0 <a href=\"https:\/\/moncompte.actu.fr\" title=\"D\u00e9couvez Mon Actu\" rel=\"nofollow noopener\" data-trk=\"{&quot;cta&quot;:{&quot;action&quot;:&quot;https:\\\/\\\/moncompte.actu.fr&quot;,&quot;category&quot;:&quot;mon compte&quot;,&quot;from&quot;:&quot;article footer&quot;,&quot;name&quot;:&quot;Mon actu&quot;,&quot;type&quot;:&quot;cta&quot;}}\" target=\"_blank\">Mon Actu<\/a>.<\/p>\n","protected":false},"excerpt":{"rendered":"Par Juliette Cardinale Publi\u00e9 le 26 avr. 2025 \u00e0 12h02 D\u00e8s le jeudi 15 mai 2025, Les Planches&hellip;\n","protected":false},"author":2,"featured_media":54203,"comment_status":"","ping_status":"","sticky":false,"template":"","format":"standard","meta":{"footnotes":""},"categories":[2817],"tags":[1111,11,7722,1997,1777,674,1011,27,5691,12,2219,25,104],"class_list":{"0":"post-54202","1":"post","2":"type-post","3":"status-publish","4":"format-standard","5":"has-post-thumbnail","7":"category-bordeaux","8":"tag-actu","9":"tag-actualites","10":"tag-biere","11":"tag-bordeaux","12":"tag-eu","13":"tag-europe","14":"tag-fr","15":"tag-france","16":"tag-guinguette","17":"tag-news","18":"tag-nouvelle-aquitaine","19":"tag-republique-francaise","20":"tag-societe"},"share_on_mastodon":{"url":"https:\/\/pubeurope.com\/@fr\/114403903012937036","error":""},"_links":{"self":[{"href":"https:\/\/www.europesays.com\/fr\/wp-json\/wp\/v2\/posts\/54202","targetHints":{"allow":["GET"]}}],"collection":[{"href":"https:\/\/www.europesays.com\/fr\/wp-json\/wp\/v2\/posts"}],"about":[{"href":"https:\/\/www.europesays.com\/fr\/wp-json\/wp\/v2\/types\/post"}],"author":[{"embeddable":true,"href":"https:\/\/www.europesays.com\/fr\/wp-json\/wp\/v2\/users\/2"}],"replies":[{"embeddable":true,"href":"https:\/\/www.europesays.com\/fr\/wp-json\/wp\/v2\/comments?post=54202"}],"version-history":[{"count":0,"href":"https:\/\/www.europesays.com\/fr\/wp-json\/wp\/v2\/posts\/54202\/revisions"}],"wp:featuredmedia":[{"embeddable":true,"href":"https:\/\/www.europesays.com\/fr\/wp-json\/wp\/v2\/media\/54203"}],"wp:attachment":[{"href":"https:\/\/www.europesays.com\/fr\/wp-json\/wp\/v2\/media?parent=54202"}],"wp:term":[{"taxonomy":"category","embeddable":true,"href":"https:\/\/www.europesays.com\/fr\/wp-json\/wp\/v2\/categories?post=54202"},{"taxonomy":"post_tag","embeddable":true,"href":"https:\/\/www.europesays.com\/fr\/wp-json\/wp\/v2\/tags?post=54202"}],"curies":[{"name":"wp","href":"https:\/\/api.w.org\/{rel}","templated":true}]}}