{"id":542024,"date":"2025-11-18T07:42:12","date_gmt":"2025-11-18T07:42:12","guid":{"rendered":"https:\/\/www.europesays.com\/fr\/542024\/"},"modified":"2025-11-18T07:42:12","modified_gmt":"2025-11-18T07:42:12","slug":"toulon-des-fouilles-revelent-pour-la-premiere-fois-le-passe-enfoui-du-port-militaire-appele-a-accueillir-le-successeur-du-charles-de-gaulle","status":"publish","type":"post","link":"https:\/\/www.europesays.com\/fr\/542024\/","title":{"rendered":"Toulon : des fouilles r\u00e9v\u00e8lent pour la premi\u00e8re fois le pass\u00e9 enfoui du port militaire appel\u00e9 \u00e0 accueillir le successeur du Charles-de-Gaulle"},"content":{"rendered":"<p>                                            Soci\u00e9t\u00e9\n                                                                            <\/p>\n<p>\n                                            Pour la premi\u00e8re fois, une op\u00e9ration de fouilles men\u00e9e au c\u0153ur de la base navale de Toulon, dans le Var, a mis en \u00e9vidence la d\u00e9couverte de traces arch\u00e9ologiques remontant \u00e0 l\u2019\u00e9poque antique.                                        <\/p>\n<p>                                                Publi\u00e9 le 18 novembre 2025 \u00e0 7h30                                                                                            <\/p>\n<p>                                            <img loading=\"lazy\" width=\"1024\" height=\"683\" src=\"https:\/\/www.europesays.com\/fr\/wp-content\/uploads\/2025\/11\/SIPA_01022683_000001-2.jpg\" class=\"attachment-post-thumbnail size-post-thumbnail wp-post-image\" alt=\"\u00c0 Toulon, d\u00e9couverte du pass\u00e9 du port militaire du futur porte-avions \u00a9 PHILIPPE MAGONI\/SIPA\" decoding=\"async\"  \/><\/p>\n<p>                                            \u00c0 Toulon, d\u00e9couverte du pass\u00e9 du port militaire du futur porte-avions \u00a9 PHILIPPE MAGONI\/SIPA<\/p>\n<p data-start=\"86\" data-end=\"530\">\u00c0 Toulon (Var), l\u2019emplacement pr\u00e9vu pour l\u2019installation du <a href=\"https:\/\/www.valeursactuelles.com\/societe\/defense-le-chantier-du-nouveau-porte-avion-francais-se-precise\" target=\"_blank\" rel=\"noopener\">futur porte-avions nouvelle g\u00e9n\u00e9ration<\/a> (PANG), appel\u00e9 \u00e0 prendre la rel\u00e8ve du Charles-de-Gaulle, fait l\u2019objet d\u2019investigations arch\u00e9ologiques d\u2019une rare ampleur. Ces travaux ne doivent rien au hasard : des traces anciennes, remontant \u00e0 l\u2019\u00e9poque antique, y ont \u00e9t\u00e9 d\u00e9couvertes. Les \u00e9quipes poursuivront leurs recherches jusqu\u2019au printemps, aussi bien sur la zone terrestre qu\u2019au large.<\/p>\n<p><a href=\"https:\/\/www.valeursactuelles.com\/societe\/le-rafale-marine-sera-en-capacite-dapponter-automatiquement-sur-un-porte-avions\" class=\"h-flex h-align-items-center h-border-tb h-ptb-15\" target=\"_blank\" rel=\"noopener\">A\u00a0LIRE\u00a0Le Rafale Marine sera en capacit\u00e9 d\u2019apponter automatiquement sur un porte-avions<\/a><\/p>\n<p data-start=\"532\" data-end=\"970\">Selon <a href=\"https:\/\/www.inrap.fr\/les-fouilles-archeologiques-sur-la-base-navale-revelent-un-pan-du-passe-antique-20380\" target=\"_blank\" rel=\"noopener\">l\u2019Institut national de recherches arch\u00e9ologiques pr\u00e9ventives<\/a> (INRAP), \u00ab Ces fouilles arch\u00e9ologiques ont \u00e9t\u00e9 d\u00e9cid\u00e9es dans le cadre des travaux d\u2019infrastructures pr\u00e9vus pour doter la base navale de Toulon de quais et bassins adapt\u00e9s au futur porte-avions \u00e0 l\u2019horizon 2035 \u00bb. En pratique, une \u00e9quipe d\u2019une vingtaine de sp\u00e9cialistes dispose d\u2019environ six mois pour explorer de nouveau l\u2019histoire ancienne de ce secteur strat\u00e9gique.<\/p>\n<p>Des vestiges du IIe si\u00e8cle avant J\u00e9sus-Christ<\/p>\n<p data-start=\"1025\" data-end=\"1515\">\u00ab Les vestiges les plus anciens retrouv\u00e9s t\u00e9moignent d\u2019une occupation pr\u00e9coce autour du IIe si\u00e8cle avant J\u00e9sus-Christ \u00e0 une p\u00e9riode de conqu\u00eate o\u00f9 Gaulois, Grecs et Romains se c\u00f4toient sur cette portion du littoral m\u00e9diterran\u00e9en \u00bb. Les fouilles ont r\u00e9v\u00e9l\u00e9 des murs presque intacts, ainsi que des ensembles de c\u00e9ramiques et de monnaies qui permettent de retracer la succession des habitants sur ce site, autrefois s\u00e9par\u00e9 du continent par la mer. L\u2019ensemble des d\u00e9couvertes sera pr\u00e9serv\u00e9.<\/p>\n<p><a href=\"https:\/\/www.valeursactuelles.com\/societe\/porte-avions-nouvelle-generation-dissuasion-nucleaire-comment-larmee-francaise-va-depenser-ses-505-milliards-deuros-de-budget\" class=\"h-flex h-align-items-center h-border-tb h-ptb-15\" target=\"_blank\" rel=\"noopener\">A\u00a0LIRE\u00a0Porte-avions nouvelle g\u00e9n\u00e9ration, dissuasion nucl\u00e9aire\u2026 Comment l\u2019Arm\u00e9e fran\u00e7aise va d\u00e9penser ses 50,5 milliards d\u2019euros de budget<\/a><\/p>\n<p data-start=\"1517\" data-end=\"1963\">Toulon ne s\u2019est transform\u00e9 en port militaire qu\u2019\u00e0 la fin du XVIIe si\u00e8cle, avec l\u2019implantation de la Marine royale. Une fois les fouilles achev\u00e9es sur l\u2019ensemble du site, le terrain sera d\u00e9gag\u00e9 pour permettre le lancement des travaux destin\u00e9s au futur colosse naval fran\u00e7ais : un porte-avions nucl\u00e9aire de 300 m\u00e8tres, capable d\u2019accueillir 2 000 marins ainsi qu\u2019une flotte a\u00e9rienne compos\u00e9e de Rafale, d\u2019h\u00e9licopt\u00e8res et de drones de surveillance.<\/p>\n","protected":false},"excerpt":{"rendered":"Soci\u00e9t\u00e9 Pour la premi\u00e8re fois, une op\u00e9ration de fouilles men\u00e9e au c\u0153ur de la base navale de Toulon,&hellip;\n","protected":false},"author":2,"featured_media":542025,"comment_status":"","ping_status":"","sticky":false,"template":"","format":"standard","meta":{"footnotes":""},"categories":[9619],"tags":[1111,11,1777,674,13493,1011,27,567,12,5159,65655,882,25,2310],"class_list":{"0":"post-542024","1":"post","2":"type-post","3":"status-publish","4":"format-standard","5":"has-post-thumbnail","7":"category-toulon","8":"tag-actu","9":"tag-actualites","10":"tag-eu","11":"tag-europe","12":"tag-fouilles-archeologiques","13":"tag-fr","14":"tag-france","15":"tag-marine-nationale","16":"tag-news","17":"tag-port","18":"tag-porte-avion","19":"tag-provence-alpes-cote-dazur","20":"tag-republique-francaise","21":"tag-toulon"},"share_on_mastodon":{"url":"https:\/\/pubeurope.com\/@fr\/115569580857482495","error":""},"_links":{"self":[{"href":"https:\/\/www.europesays.com\/fr\/wp-json\/wp\/v2\/posts\/542024","targetHints":{"allow":["GET"]}}],"collection":[{"href":"https:\/\/www.europesays.com\/fr\/wp-json\/wp\/v2\/posts"}],"about":[{"href":"https:\/\/www.europesays.com\/fr\/wp-json\/wp\/v2\/types\/post"}],"author":[{"embeddable":true,"href":"https:\/\/www.europesays.com\/fr\/wp-json\/wp\/v2\/users\/2"}],"replies":[{"embeddable":true,"href":"https:\/\/www.europesays.com\/fr\/wp-json\/wp\/v2\/comments?post=542024"}],"version-history":[{"count":0,"href":"https:\/\/www.europesays.com\/fr\/wp-json\/wp\/v2\/posts\/542024\/revisions"}],"wp:featuredmedia":[{"embeddable":true,"href":"https:\/\/www.europesays.com\/fr\/wp-json\/wp\/v2\/media\/542025"}],"wp:attachment":[{"href":"https:\/\/www.europesays.com\/fr\/wp-json\/wp\/v2\/media?parent=542024"}],"wp:term":[{"taxonomy":"category","embeddable":true,"href":"https:\/\/www.europesays.com\/fr\/wp-json\/wp\/v2\/categories?post=542024"},{"taxonomy":"post_tag","embeddable":true,"href":"https:\/\/www.europesays.com\/fr\/wp-json\/wp\/v2\/tags?post=542024"}],"curies":[{"name":"wp","href":"https:\/\/api.w.org\/{rel}","templated":true}]}}