{"id":542030,"date":"2025-11-18T07:45:16","date_gmt":"2025-11-18T07:45:16","guid":{"rendered":"https:\/\/www.europesays.com\/fr\/542030\/"},"modified":"2025-11-18T07:45:16","modified_gmt":"2025-11-18T07:45:16","slug":"scene-troublante-devant-une-agence-immobiliere-un-homme-exhibe-une-arme","status":"publish","type":"post","link":"https:\/\/www.europesays.com\/fr\/542030\/","title":{"rendered":"sc\u00e8ne troublante devant une agence immobili\u00e8re, un homme exhibe une arme"},"content":{"rendered":"<p>\nUn agent immobilier a eu une vive frayeur ce 14 novembre, lorsqu&rsquo;un homme a d\u00e9voil\u00e9 une arme devant sa vitrine.<\/p>\n<p>\n\u00a9 Photo d\u2019illustration \u2013 arme \u00e0 feu.<\/p>\n<p><a data-no-instant=\"1\" href=\"https:\/\/nimes-metropole-entreprises.fr\/le-territoire-de-nimes-metropole\/un-reseau-economique-et-collaboratif\/digiweek-de-nimes-metropole\/\" rel=\"noopener nofollow\" class=\"a2t-link\" aria-label=\"461-image\" target=\"_blank\"><img decoding=\"async\" loading=\"lazy\" src=\"https:\/\/www.europesays.com\/fr\/wp-content\/uploads\/2025\/11\/461-image.jpeg\" alt=\"\"   width=\"1220\" height=\"260\"\/><\/a><\/p>\n<p>Ce <strong>14 novembre<\/strong>, un individu, install\u00e9 dans son agence immobili\u00e8re, a assist\u00e9 \u00e0 une sc\u00e8ne troublante vers 16h30 <strong>rue Mondial 98<\/strong> \u00e0 <a href=\"https:\/\/infoccitanie.fr\/tag\/montpellier\/\" rel=\"nofollow noopener\" target=\"_blank\">Montpellier<\/a>. Un homme, t-shirt soulev\u00e9 devant la vitrine, montrant la <strong>crosse d\u2019une arme \u00e0 feu<\/strong>. Apeur\u00e9, le g\u00e9rant appelle alors imm\u00e9diatement la <strong>police<\/strong> et leur communique la <strong>description pr\u00e9cise<\/strong> de l\u2019homme recherch\u00e9.<\/p>\n<p>Retrouv\u00e9 en possession d\u2019un couteau et d\u2019une arme \u00e0 feu<\/p>\n<p>Les policiers du Groupe de S\u00e9curit\u00e9 de Proximit\u00e9 (GSP) font alors un tour du quartier et rep\u00e8rent un <strong>homme de 43 ans<\/strong>. Ce dernier est alors contr\u00f4l\u00e9 et retrouv\u00e9 en possession d\u2019un <strong>couteau<\/strong> et d\u2019une <strong>arme \u00e0 feu<\/strong>, qui s\u2019av\u00e8rera par la suite \u00eatre factice. Cet homme, sans domicile fixe, donne de br\u00e8ves explications. L\u2019arme, \u00e9tant sans-abri, ce serait pour se d\u00e9fendre. Puis, le couteau, ce serait pour manger. Interpell\u00e9, il a \u00e9t\u00e9 plac\u00e9 en <strong>garde \u00e0 vue<\/strong> et fait l\u2019objet d\u2019une<strong> interdiction de para\u00eetre<\/strong> dans le quartier pendant quatre mois.<\/p>\n","protected":false},"excerpt":{"rendered":"Un agent immobilier a eu une vive frayeur ce 14 novembre, lorsqu&rsquo;un homme a d\u00e9voil\u00e9 une arme devant&hellip;\n","protected":false},"author":2,"featured_media":542031,"comment_status":"","ping_status":"","sticky":false,"template":"","format":"standard","meta":{"footnotes":""},"categories":[9599],"tags":[1111,11,1777,674,1011,27,2208,12,2680,1072,25],"class_list":{"0":"post-542030","1":"post","2":"type-post","3":"status-publish","4":"format-standard","5":"has-post-thumbnail","7":"category-montpellier","8":"tag-actu","9":"tag-actualites","10":"tag-eu","11":"tag-europe","12":"tag-fr","13":"tag-france","14":"tag-montpellier","15":"tag-news","16":"tag-occitanie","17":"tag-police","18":"tag-republique-francaise"},"share_on_mastodon":{"url":"https:\/\/pubeurope.com\/@fr\/115569592695147429","error":""},"_links":{"self":[{"href":"https:\/\/www.europesays.com\/fr\/wp-json\/wp\/v2\/posts\/542030","targetHints":{"allow":["GET"]}}],"collection":[{"href":"https:\/\/www.europesays.com\/fr\/wp-json\/wp\/v2\/posts"}],"about":[{"href":"https:\/\/www.europesays.com\/fr\/wp-json\/wp\/v2\/types\/post"}],"author":[{"embeddable":true,"href":"https:\/\/www.europesays.com\/fr\/wp-json\/wp\/v2\/users\/2"}],"replies":[{"embeddable":true,"href":"https:\/\/www.europesays.com\/fr\/wp-json\/wp\/v2\/comments?post=542030"}],"version-history":[{"count":0,"href":"https:\/\/www.europesays.com\/fr\/wp-json\/wp\/v2\/posts\/542030\/revisions"}],"wp:featuredmedia":[{"embeddable":true,"href":"https:\/\/www.europesays.com\/fr\/wp-json\/wp\/v2\/media\/542031"}],"wp:attachment":[{"href":"https:\/\/www.europesays.com\/fr\/wp-json\/wp\/v2\/media?parent=542030"}],"wp:term":[{"taxonomy":"category","embeddable":true,"href":"https:\/\/www.europesays.com\/fr\/wp-json\/wp\/v2\/categories?post=542030"},{"taxonomy":"post_tag","embeddable":true,"href":"https:\/\/www.europesays.com\/fr\/wp-json\/wp\/v2\/tags?post=542030"}],"curies":[{"name":"wp","href":"https:\/\/api.w.org\/{rel}","templated":true}]}}