{"id":542032,"date":"2025-11-18T07:46:13","date_gmt":"2025-11-18T07:46:13","guid":{"rendered":"https:\/\/www.europesays.com\/fr\/542032\/"},"modified":"2025-11-18T07:46:13","modified_gmt":"2025-11-18T07:46:13","slug":"edouard-philippe-et-nicolas-mayer-rossignol-ont-beaucoup-fait-parler-deux-dans-les-medias-pourquoi","status":"publish","type":"post","link":"https:\/\/www.europesays.com\/fr\/542032\/","title":{"rendered":"\u00c9douard Philippe et Nicolas Mayer-Rossignol ont beaucoup fait parler d&rsquo;eux dans les m\u00e9dias : pourquoi\u00a0?"},"content":{"rendered":"<p>                    Par<br \/>\n        <strong><br \/>\n            <a href=\"https:\/\/actu.fr\/auteur\/julien-bouteiller\" title=\"Consulter tous les articles de Julien Bouteiller\" rel=\"nofollow noopener\" target=\"_blank\">Julien Bouteiller<\/a><br \/>\n                    <\/strong><\/p>\n<p>        Publi\u00e9 le<\/p>\n<p>            18 nov. 2025 \u00e0 8h17        <\/p>\n<p>Les maires des deux grandes villes de la Seine-Maritime <strong>font parler d\u2019eux<\/strong>. C\u2019est ce que r\u00e9v\u00e8le une \u00e9tude r\u00e9alis\u00e9e <a href=\"https:\/\/www.ouest-france.fr\/politique\/edouard-philippe-anne-hidalgo-et-christian-estrosi-puis-tous-les-autres-voici-les-maires-les-plus-mediatises-en-2025-b77d5164-bb4e-11f0-b227-510f72443e00\" rel=\"nofollow noopener\" target=\"_blank\">par Tagaday pour\u00a0Ouest-France<\/a>, \u00e0 l\u2019occasion du Congr\u00e8s des maires qui d\u00e9marre ce 18 novembre 2025. <a href=\"https:\/\/actu.fr\/tag\/edouard-philippe\" rel=\"nofollow noopener\" target=\"_blank\">\u00c9douard Philippe<\/a> et <a href=\"https:\/\/actu.fr\/tag\/nicolas-mayer-rossignol\" rel=\"nofollow noopener\" target=\"_blank\">Nicolas Mayer-Rossignol<\/a> se distinguent : <strong>mais pourquoi ?<\/strong><\/p>\n<p>\u00c9douard Philippe fait parler de lui mais pas du Havre<\/p>\n<p class=\" wall-content\">Au classement des maires qui ont le plus fait parler d\u2019eux dans les m\u00e9dias en 2025, <strong>on retrouve en t\u00eate \u00c9douard Philippe<\/strong>, maire du Havre. Il devance Anne Hidalgo et Christian Estrosi. \u00ab\u00a0Doudou\u00a0\u00bb \u00e9tait d\u00e9j\u00e0 en t\u00eate l\u2019an dernier, mais il conna\u00eet une certaine chute en 2025.<\/p>\n<p class=\" wall-content\">L\u2019\u00e9dile havrais ne fait toutefois pas parler de lui pour son action municipale. Ancien Premier ministre et patron d\u2019Horizons, ce sont surtout <a href=\"https:\/\/actu.fr\/normandie\/le-havre_76351\/un-jeu-politique-affligeant-edouard-philippe-tacle-emmanuel-macron-et-demande-une-presidentielle-anticipee_63264115.html\" rel=\"nofollow noopener\" target=\"_blank\">ses prises de position (et de distance) vis-\u00e0-vis du gouvernement<\/a> qui font couler de l\u2019encre. Ainsi, seuls 12,2% des contenus m\u00e9diatiques le concernant le rattachent \u00e0 la ville o\u00f9 il est \u00e9lu.<\/p>\n<p>NMR de plus en plus m\u00e9diatique<\/p>\n<p class=\" wall-content\">Son homologue socialiste \u00e0 Rouen, Nicolas Mayer-Rossignol, gagne quatre places cette ann\u00e9e et est<strong> d\u00e9sormais cinqui\u00e8me du classement<\/strong>.\u00a0<\/p>\n<p class=\" wall-content\">Deux \u00e9v\u00e9nements notables lui permettent cette visibilit\u00e9 m\u00e9diatique : lorsqu\u2019il a publiquement <a href=\"https:\/\/actu.fr\/normandie\/rouen_76540\/nicolas-mayer-rossignol-annonce-qu-il-souffre-d-un-cancer-ce-n-est-pas-facile-d-en-parler_61856122.html\" rel=\"nofollow noopener\" target=\"_blank\">annonc\u00e9 \u00eatre atteint d\u2019un cancer<\/a>, et <strong>sa bataille contre Olivier Faure<\/strong> pour prendre la t\u00eate du Parti socialiste.<\/p>\n<p>Vid\u00e9os : en ce moment sur Actu<\/p>\n<p class=\" wall-content\">Toutefois, sa ville de Rouen n\u2019est pas en reste, car elle se classe<strong> au 4e rang des communes qui ont fait le plus parler dans les m\u00e9dias<\/strong> (en nombre de contenus rapport\u00e9s \u00e0 sa population). Le passage du Tour de France (<a href=\"https:\/\/actu.fr\/normandie\/rouen_76540\/la-police-stoppe-un-homme-arme-d-un-couteau-en-plein-tour-de-france-a-rouen_62883589.html\" rel=\"nofollow noopener\" target=\"_blank\">et l\u2019arrestation muscl\u00e9e d\u2019un homme ce jour-l\u00e0<\/a>) ou bien le <a href=\"https:\/\/actu.fr\/normandie\/rouen_76540\/billet-cher-thomas-jolly-non-la-presse-n-est-pas-responsable-de-l-echec-de-votre-14-juillet-a-rouen_62663664.html\" rel=\"nofollow noopener\" target=\"_blank\">projet avort\u00e9 de grand spectacle de 14-juillet par Thomas Jolly<\/a> y ont certainement contribu\u00e9.<\/p>\n<p>Votre r\u00e9gion, votre actu !<\/p>\n<p>Recevez chaque jour les infos qui comptent pour vous.<\/p>\n<p>\t<a href=\"https:\/\/actu.fr\/newsletter\" class=\"ac-btn ac-btn--corner ac-btn--medium ac-btn--blue800\" rel=\"nofollow noopener\" target=\"_blank\">S&rsquo;incrire<\/a><br \/>\nM\u00e9thodologie des classements<\/p>\n<p>\u00c0 partir du classement des cinquante premi\u00e8res villes de France en fonction du nombre d\u2019habitants et de la liste des maires de ces communes (n\u2019ont \u00e9t\u00e9 pris en compte que les maires ayant assur\u00e9 leur mandat sur l\u2019int\u00e9gralit\u00e9 de la p\u00e9riode \u00e9tudi\u00e9e), cette \u00e9tude a \u00e9t\u00e9 r\u00e9alis\u00e9e sur la base de l\u2019analyse de plus de 5 500 programmes d\u2019information (diffus\u00e9s par 410 cha\u00eenes et stations TV\/radio pour une moyenne de 2 400 heures quotidiennes) et d\u2019une s\u00e9lection de 3 000 publications de presse \u00e9crite (titres de la presse imprim\u00e9e et sites web \u00e9ditoriaux) entre le 1er novembre 2024 et le 31 octobre 2025. Les comparaisons sont r\u00e9alis\u00e9es par rapport \u00e0 la 2e \u00e9dition de ce barom\u00e8tre, portant sur la m\u00eame p\u00e9riode sur une ann\u00e9e glissante, soit du 1er novembre 2023 au 31 octobre 2024. Les articles paraissant dans plusieurs \u00e9ditions de publications print r\u00e9gionales ne sont comptabilis\u00e9s qu\u2019une fois.<\/p>\n<p>Suivez l\u2019actualit\u00e9 de Rouen <a href=\"https:\/\/www.whatsapp.com\/channel\/0029VaKfnf99hXF2ddApFB1D\" rel=\"nofollow noopener\" target=\"_blank\">sur notre cha\u00eene WhatsApp<\/a> et <a href=\"https:\/\/www.tiktok.com\/@76actu.fr?lang=fr\" rel=\"nofollow noopener\" target=\"_blank\">sur notre compte TikTok<\/a>Suivez l\u2019actualit\u00e9 du Havre <a href=\"https:\/\/www.whatsapp.com\/channel\/0029VaFqJYE8aKvLBwVrEe0o\" rel=\"nofollow noopener\" target=\"_blank\">sur notre cha\u00eene WhatsApp<\/a> et <a href=\"https:\/\/www.tiktok.com\/@76actu.fr?lang=fr\" rel=\"nofollow noopener\" target=\"_blank\">sur notre compte TikTok<\/a><\/p>\n<p class=\" wall-content\">Personnalisez votre actualit\u00e9 en ajoutant vos villes et m\u00e9dias en favori avec <a href=\"https:\/\/moncompte.actu.fr\" title=\"D\u00e9couvez Mon Actu\" rel=\"nofollow noopener\" data-trk=\"{&quot;cta&quot;:{&quot;action&quot;:&quot;https:\\\/\\\/moncompte.actu.fr&quot;,&quot;category&quot;:&quot;mon compte&quot;,&quot;from&quot;:&quot;article footer&quot;,&quot;name&quot;:&quot;Mon actu&quot;,&quot;type&quot;:&quot;cta&quot;}}\" target=\"_blank\">Mon Actu<\/a>.<\/p>\n<p>                    <script async src=\"\/\/www.tiktok.com\/embed.js\"><\/script><\/p>\n","protected":false},"excerpt":{"rendered":"Par Julien Bouteiller Publi\u00e9 le 18 nov. 2025 \u00e0 8h17 Les maires des deux grandes villes de la&hellip;\n","protected":false},"author":2,"featured_media":542033,"comment_status":"","ping_status":"","sticky":false,"template":"","format":"standard","meta":{"footnotes":""},"categories":[9587],"tags":[1111,11,3080,1777,674,1011,27,12,13268,5161,316,25,9590],"class_list":{"0":"post-542032","1":"post","2":"type-post","3":"status-publish","4":"format-standard","5":"has-post-thumbnail","7":"category-rouen","8":"tag-actu","9":"tag-actualites","10":"tag-edouard-philippe","11":"tag-eu","12":"tag-europe","13":"tag-fr","14":"tag-france","15":"tag-news","16":"tag-nicolas-mayer-rossignol","17":"tag-normandie","18":"tag-politique","19":"tag-republique-francaise","20":"tag-rouen"},"share_on_mastodon":{"url":"https:\/\/pubeurope.com\/@fr\/115569595864154680","error":""},"_links":{"self":[{"href":"https:\/\/www.europesays.com\/fr\/wp-json\/wp\/v2\/posts\/542032","targetHints":{"allow":["GET"]}}],"collection":[{"href":"https:\/\/www.europesays.com\/fr\/wp-json\/wp\/v2\/posts"}],"about":[{"href":"https:\/\/www.europesays.com\/fr\/wp-json\/wp\/v2\/types\/post"}],"author":[{"embeddable":true,"href":"https:\/\/www.europesays.com\/fr\/wp-json\/wp\/v2\/users\/2"}],"replies":[{"embeddable":true,"href":"https:\/\/www.europesays.com\/fr\/wp-json\/wp\/v2\/comments?post=542032"}],"version-history":[{"count":0,"href":"https:\/\/www.europesays.com\/fr\/wp-json\/wp\/v2\/posts\/542032\/revisions"}],"wp:featuredmedia":[{"embeddable":true,"href":"https:\/\/www.europesays.com\/fr\/wp-json\/wp\/v2\/media\/542033"}],"wp:attachment":[{"href":"https:\/\/www.europesays.com\/fr\/wp-json\/wp\/v2\/media?parent=542032"}],"wp:term":[{"taxonomy":"category","embeddable":true,"href":"https:\/\/www.europesays.com\/fr\/wp-json\/wp\/v2\/categories?post=542032"},{"taxonomy":"post_tag","embeddable":true,"href":"https:\/\/www.europesays.com\/fr\/wp-json\/wp\/v2\/tags?post=542032"}],"curies":[{"name":"wp","href":"https:\/\/api.w.org\/{rel}","templated":true}]}}