{"id":542034,"date":"2025-11-18T07:47:16","date_gmt":"2025-11-18T07:47:16","guid":{"rendered":"https:\/\/www.europesays.com\/fr\/542034\/"},"modified":"2025-11-18T07:47:16","modified_gmt":"2025-11-18T07:47:16","slug":"rouen-il-entre-par-effraction-et-repart-en-scooter-avec-une-tele-sous-le-bras","status":"publish","type":"post","link":"https:\/\/www.europesays.com\/fr\/542034\/","title":{"rendered":"Rouen. Il entre par effraction et repart en scooter avec une t\u00e9l\u00e9 sous le bras"},"content":{"rendered":"<p melodystyle=\"texte\">Lundi 17\u00a0novembre, un jeune homme devait s&rsquo;expliquer devant le tribunal pour deux affaires\u00a0: le recel d&rsquo;un t\u00e9l\u00e9phone en novembre\u00a02024 et un <a href=\"https:\/\/www.lecourriercauchois.fr\/actualite-391802-allouville-bellefosse-les-aines-sensibilises-aux-arnaques-et-cambriolages-par-la-gendarmerie\" target=\"_blank\" rel=\"nofollow noopener\">cambriolage<\/a> en ao\u00fbt\u00a02025. Les deux proc\u00e9dures ont \u00e9t\u00e9 jointes par le parquet de Rouen et par le tribunal.<\/p>\n<p>\u00ab\u00a0Je n&rsquo;ai pas de souvenir\u00a0\u00bb<\/p>\n<p melodystyle=\"texte\">Il est reproch\u00e9 \u00e0 l&rsquo;individu d&rsquo;\u00eatre entr\u00e9\u00a0par effraction dans un domicile et d&rsquo;y avoir vol\u00e9 un t\u00e9l\u00e9viseur, du maquillage et des esp\u00e8ces \u00e0 hauteur de 1\u00a0500\u20ac, alors qu&rsquo;il \u00e9tait sous le coup de deux sursis probatoire. Il est reparti en scooter. \u00ab\u00a0Je n&rsquo;ai aucun souvenir d&rsquo;avoir \u00e9t\u00e9 ici\u00a0\u00bb, r\u00e9pond-il au tribunal de Rouen. Aucune pr\u00e9cision sur les faits ne sera faite par l&rsquo;individu aux nombreux probl\u00e8mes psychologiques, dont un trouble de la personnalit\u00e9. Le substitut du procureur requiert une peine d&rsquo;un an de prison ferme et une r\u00e9vocation de sursis pour le jeune homme dont le casier fait mention de 13 condamnations. A\u00a0l&rsquo;issue de l&rsquo;audience, le pr\u00e9venu est reconnu coupable des faits qui lui sont reproch\u00e9s. Il \u00e9cope d&rsquo;une peine de 16 mois d&#8217;emprisonnement, avec la r\u00e9vocation de sursis de huit mois.<\/p>\n","protected":false},"excerpt":{"rendered":"Lundi 17\u00a0novembre, un jeune homme devait s&rsquo;expliquer devant le tribunal pour deux affaires\u00a0: le recel d&rsquo;un t\u00e9l\u00e9phone en&hellip;\n","protected":false},"author":2,"featured_media":542035,"comment_status":"","ping_status":"","sticky":false,"template":"","format":"standard","meta":{"footnotes":""},"categories":[9587],"tags":[1111,11,1777,674,1011,27,12,5161,25,9590],"class_list":{"0":"post-542034","1":"post","2":"type-post","3":"status-publish","4":"format-standard","5":"has-post-thumbnail","7":"category-rouen","8":"tag-actu","9":"tag-actualites","10":"tag-eu","11":"tag-europe","12":"tag-fr","13":"tag-france","14":"tag-news","15":"tag-normandie","16":"tag-republique-francaise","17":"tag-rouen"},"share_on_mastodon":{"url":"https:\/\/pubeurope.com\/@fr\/115569599652308058","error":""},"_links":{"self":[{"href":"https:\/\/www.europesays.com\/fr\/wp-json\/wp\/v2\/posts\/542034","targetHints":{"allow":["GET"]}}],"collection":[{"href":"https:\/\/www.europesays.com\/fr\/wp-json\/wp\/v2\/posts"}],"about":[{"href":"https:\/\/www.europesays.com\/fr\/wp-json\/wp\/v2\/types\/post"}],"author":[{"embeddable":true,"href":"https:\/\/www.europesays.com\/fr\/wp-json\/wp\/v2\/users\/2"}],"replies":[{"embeddable":true,"href":"https:\/\/www.europesays.com\/fr\/wp-json\/wp\/v2\/comments?post=542034"}],"version-history":[{"count":0,"href":"https:\/\/www.europesays.com\/fr\/wp-json\/wp\/v2\/posts\/542034\/revisions"}],"wp:featuredmedia":[{"embeddable":true,"href":"https:\/\/www.europesays.com\/fr\/wp-json\/wp\/v2\/media\/542035"}],"wp:attachment":[{"href":"https:\/\/www.europesays.com\/fr\/wp-json\/wp\/v2\/media?parent=542034"}],"wp:term":[{"taxonomy":"category","embeddable":true,"href":"https:\/\/www.europesays.com\/fr\/wp-json\/wp\/v2\/categories?post=542034"},{"taxonomy":"post_tag","embeddable":true,"href":"https:\/\/www.europesays.com\/fr\/wp-json\/wp\/v2\/tags?post=542034"}],"curies":[{"name":"wp","href":"https:\/\/api.w.org\/{rel}","templated":true}]}}