{"id":542040,"date":"2025-11-18T07:53:12","date_gmt":"2025-11-18T07:53:12","guid":{"rendered":"https:\/\/www.europesays.com\/fr\/542040\/"},"modified":"2025-11-18T07:53:12","modified_gmt":"2025-11-18T07:53:12","slug":"nord-de-leurometropole-jingle-bells-jingle-bells-les-marches-de-noel-commencent-ce-week-end","status":"publish","type":"post","link":"https:\/\/www.europesays.com\/fr\/542040\/","title":{"rendered":"Nord de l\u2019Eurom\u00e9tropole. Jingle bells, jingle bells\u00a0! Les march\u00e9s de No\u00ebl commencent ce week-end"},"content":{"rendered":"<p>                            \u25a0 <strong> Eckwersheim, du 21 au 23\u00a0novembre<\/strong><\/p>\n<p>Le 5 e march\u00e9 de No\u00ebl \u00ab\u00a0Les Sentiers de lumi\u00e8re\u00a0\u00bb organis\u00e9 par la commune d\u2019Eckwersheim et son comit\u00e9 des f\u00eates se tiendra du vendredi 21\u00a0novembre au dimanche 23\u00a0novembre, au centre du village, du d\u00e9but de la rue du G\u00e9n\u00e9ral-de-Gaulle, en venant de Vendenheim, jusqu\u2019au num\u00e9ro\u00a07.<\/p>\n<p>Vendredi \u00e0 18\u00a0h \u00e0 l\u2019\u00c9curie de Jade, au 6, rue du G\u00e9n\u00e9ral-de-Gaulle, les \u00e9coliers du village interpr\u00e9teront des chants de No\u00ebl. Le sapin de No\u00ebl, place de l\u2019\u00c9glise, sera illumin\u00e9, tandis que des \u00ab\u00a0chevaux de lumi\u00e8re\u00a0\u00bb d\u00e9ambuleront.<\/p>\n<p>Les fermes alsaciennes ouvriront leurs portes pour accueillir chalets et stands de 45 exposants locaux (boissons, gourmandises sucr\u00e9es ou sal\u00e9es, habillement, bijoux, travaux du bois,&#8230;<\/p>\n","protected":false},"excerpt":{"rendered":"\u25a0 Eckwersheim, du 21 au 23\u00a0novembre Le 5 e march\u00e9 de No\u00ebl \u00ab\u00a0Les Sentiers de lumi\u00e8re\u00a0\u00bb organis\u00e9 par&hellip;\n","protected":false},"author":2,"featured_media":542041,"comment_status":"","ping_status":"","sticky":false,"template":"","format":"standard","meta":{"footnotes":""},"categories":[2820],"tags":[1111,11,7782,4523,1687,2880,1777,674,3326,107,1011,27,775,15899,2089,12,2661,5889,4043,25,104,953,3140,640,3265,1631],"class_list":{"0":"post-542040","1":"post","2":"type-post","3":"status-publish","4":"format-standard","5":"has-post-thumbnail","7":"category-strasbourg","8":"tag-actu","9":"tag-actualites","10":"tag-balades-et-randonnees","11":"tag-conseils-pratiques","12":"tag-culture-loisirs","13":"tag-edition-strasbourg","14":"tag-eu","15":"tag-europe","16":"tag-fete-locale","17":"tag-fil-info","18":"tag-fr","19":"tag-france","20":"tag-grand-est","21":"tag-hoenheim","22":"tag-marche","23":"tag-news","24":"tag-patrimoine-culturel","25":"tag-religion-croyance","26":"tag-repas-et-the-dansant","27":"tag-republique-francaise","28":"tag-societe","29":"tag-soiree","30":"tag-spectacle","31":"tag-strasbourg","32":"tag-strasbourg-nord","33":"tag-vie-associative"},"share_on_mastodon":{"url":"https:\/\/pubeurope.com\/@fr\/115569623267942414","error":""},"_links":{"self":[{"href":"https:\/\/www.europesays.com\/fr\/wp-json\/wp\/v2\/posts\/542040","targetHints":{"allow":["GET"]}}],"collection":[{"href":"https:\/\/www.europesays.com\/fr\/wp-json\/wp\/v2\/posts"}],"about":[{"href":"https:\/\/www.europesays.com\/fr\/wp-json\/wp\/v2\/types\/post"}],"author":[{"embeddable":true,"href":"https:\/\/www.europesays.com\/fr\/wp-json\/wp\/v2\/users\/2"}],"replies":[{"embeddable":true,"href":"https:\/\/www.europesays.com\/fr\/wp-json\/wp\/v2\/comments?post=542040"}],"version-history":[{"count":0,"href":"https:\/\/www.europesays.com\/fr\/wp-json\/wp\/v2\/posts\/542040\/revisions"}],"wp:featuredmedia":[{"embeddable":true,"href":"https:\/\/www.europesays.com\/fr\/wp-json\/wp\/v2\/media\/542041"}],"wp:attachment":[{"href":"https:\/\/www.europesays.com\/fr\/wp-json\/wp\/v2\/media?parent=542040"}],"wp:term":[{"taxonomy":"category","embeddable":true,"href":"https:\/\/www.europesays.com\/fr\/wp-json\/wp\/v2\/categories?post=542040"},{"taxonomy":"post_tag","embeddable":true,"href":"https:\/\/www.europesays.com\/fr\/wp-json\/wp\/v2\/tags?post=542040"}],"curies":[{"name":"wp","href":"https:\/\/api.w.org\/{rel}","templated":true}]}}